{"id":235504,"date":"2022-02-08T09:29:08","date_gmt":"2022-02-08T08:29:08","guid":{"rendered":"https:\/\/zjarr.tv\/?p=235504"},"modified":"2022-02-08T10:01:38","modified_gmt":"2022-02-08T09:01:38","slug":"une-po-te-kisha-dy-veze-nuk-i-shperdoroja-me-lulin-korcari-i-famshem-rrefen-incidentin-me-bashen","status":"publish","type":"post","link":"https:\/\/zjarr.tv\/sq\/une-po-te-kisha-dy-veze-nuk-i-shperdoroja-me-lulin-korcari-i-famshem-rrefen-incidentin-me-bashen\/","title":{"rendered":"\u201cUn\u00eb po t\u00eb kisha dy vez\u00eb, nuk i shp\u00ebrdoroja me Lulin!\u201d\/ Kor\u00e7ari i famsh\u00ebm rr\u00ebfen incidentin me Bash\u00ebn"},"content":{"rendered":"<p>Nj\u00eb incident ndodhi n\u00eb Kor\u00e7\u00eb dit\u00ebn kur Basha vizitoi k\u00ebt\u00eb qytet. Nd\u00ebrkoh\u00eb q\u00eb Ilir Vrenozi u ndalua nga policia, me arsyetimin se do t\u00eb q\u00ebllonte me vez\u00eb Bash\u00ebn, djali i tij Enri Vrenozi, doli n\u00eb podium dhe mbajti nj\u00eb fjalim, n\u00eb favor t\u00eb Bash\u00ebs.<\/p>\n<p>At\u00eb e bir jan\u00eb p\u00ebrballur n\u00eb emisionin \u201cT\u00eb Paekspozuarit\u201d n\u00eb MCN TV, p\u00ebr t\u00eb treguar pik\u00ebpamjet e tyre mbi luft\u00ebn n\u00eb PD dhe mendimet q\u00eb kan\u00eb p\u00ebr k\u00ebt\u00eb parti.<\/p>\n<p>Pjes\u00eb nga debati n\u00eb studio:<\/p>\n<p>Ylli Rakipi: Edhe Ilir Meta, kur reagoi tha Vrenozi \u00ebsht\u00eb aq i varf\u00ebr sa nuk ka as vez\u00eb.<\/p>\n<p>Iir Vrenozi: Ai \u00ebsht\u00eb i madh.<\/p>\n<p>Ilir Vrenozi: Un\u00eb me dy vez\u00eb, haja dark\u00eb, i fusja dhe nj\u00eb kos dhe isha n\u00eb rregull. Do shp\u00ebrdoroja vez\u00ebt p\u00ebr Lulzim Bash\u00ebn un\u00eb?!!<\/p>\n<p>Enri Vrenozi: \u00cbsht\u00eb puna juaj se \u00e7far\u00eb shpenzoni p\u00ebr Bash\u00ebn ose kund\u00ebr Bash\u00ebs.<\/p>\n<p>Ilir Vrenozi: Ua shiko si flet, shiko si flet. Ore flet si zyrtar ay tani shikon ti?<\/p>\n<p>Arjan Curri: Duhet ti thuash, o ba, \u00ebsht\u00eb puna jote!<\/p>\n<p>Un\u00eb t\u00eb p\u00ebrg\u00ebzoj q\u00eb je orator. Por ajo q\u00eb un\u00eb nuk kuptova, \u00ebsht\u00eb q\u00eb ti n\u00eb ato momente e kishe dijenin\u00eb q\u00eb babi ishte n\u00eb komisariat dhe kishe qet\u00ebsin\u00eb t\u00eb flisje aty. Dashuria jot\u00eb p\u00ebr partin\u00eb triumfoi, m\u00eb shum\u00eb sesa dashuria jote p\u00ebr babin.<\/p>\n","protected":false},"excerpt":{"rendered":"<p>Nj\u00eb incident ndodhi n\u00eb Kor\u00e7\u00eb dit\u00ebn kur Basha vizitoi k\u00ebt\u00eb qytet. Nd\u00ebrkoh\u00eb q\u00eb Ilir Vrenozi u ndalua nga policia, me arsyetimin se do t\u00eb q\u00ebllonte me vez\u00eb Bash\u00ebn, djali i tij Enri Vrenozi, doli n\u00eb podium dhe mbajti nj\u00eb fjalim, n\u00eb favor t\u00eb Bash\u00ebs. At\u00eb e bir jan\u00eb p\u00ebrballur n\u00eb emisionin \u201cT\u00eb Paekspozuarit\u201d n\u00eb MCN [&hellip;]<\/p>\n","protected":false},"author":2031,"featured_media":235505,"comment_status":"closed","ping_status":"closed","sticky":false,"template":"","format":"standard","meta":{"footnotes":""},"categories":[231],"tags":[],"class_list":{"0":"post-235504","1":"post","2":"type-post","3":"status-publish","4":"format-standard","5":"has-post-thumbnail","7":"category-lajme"},"_links":{"self":[{"href":"https:\/\/zjarr.tv\/sq\/wp-json\/wp\/v2\/posts\/235504","targetHints":{"allow":["GET"]}}],"collection":[{"href":"https:\/\/zjarr.tv\/sq\/wp-json\/wp\/v2\/posts"}],"about":[{"href":"https:\/\/zjarr.tv\/sq\/wp-json\/wp\/v2\/types\/post"}],"author":[{"embeddable":true,"href":"https:\/\/zjarr.tv\/sq\/wp-json\/wp\/v2\/users\/2031"}],"replies":[{"embeddable":true,"href":"https:\/\/zjarr.tv\/sq\/wp-json\/wp\/v2\/comments?post=235504"}],"version-history":[{"count":0,"href":"https:\/\/zjarr.tv\/sq\/wp-json\/wp\/v2\/posts\/235504\/revisions"}],"wp:featuredmedia":[{"embeddable":true,"href":"https:\/\/zjarr.tv\/sq\/wp-json\/wp\/v2\/media\/235505"}],"wp:attachment":[{"href":"https:\/\/zjarr.tv\/sq\/wp-json\/wp\/v2\/media?parent=235504"}],"wp:term":[{"taxonomy":"category","embeddable":true,"href":"https:\/\/zjarr.tv\/sq\/wp-json\/wp\/v2\/categories?post=235504"},{"taxonomy":"post_tag","embeddable":true,"href":"https:\/\/zjarr.tv\/sq\/wp-json\/wp\/v2\/tags?post=235504"}],"curies":[{"name":"wp","href":"https:\/\/api.w.org\/{rel}","templated":true}]}}