{"id":235519,"date":"2022-02-08T13:17:06","date_gmt":"2022-02-08T12:17:06","guid":{"rendered":"https:\/\/zjarr.tv\/?p=235519"},"modified":"2022-02-08T13:17:06","modified_gmt":"2022-02-08T12:17:06","slug":"avokati-i-saimir-tahirit-hedh-dyshime-te-forta-ka-ndodhur-dicka-ne-dhomen-e-keshillit-ku-u-mblodhen-gjyqtaret-ata-qe-ndikuan-i-dolen-te-keqes-perpara","status":"publish","type":"post","link":"https:\/\/zjarr.tv\/sq\/avokati-i-saimir-tahirit-hedh-dyshime-te-forta-ka-ndodhur-dicka-ne-dhomen-e-keshillit-ku-u-mblodhen-gjyqtaret-ata-qe-ndikuan-i-dolen-te-keqes-perpara\/","title":{"rendered":"Avokati i Saimir Tahirit hedh dyshime t\u00eb forta: Ka ndodhur di\u00e7ka n\u00eb Dhom\u00ebn e K\u00ebshillit ku u mblodh\u00ebn gjyqtar\u00ebt! Ata q\u00eb ndikuan i dol\u00ebn t\u00eb keqes p\u00ebrpara"},"content":{"rendered":"<p>Maks Haxhia, avokati i ish-ministrit Saimir Tahiri, ka hedhur akuza t\u00eb forta p\u00ebr m\u00ebnyr\u00ebn sesi u mor vendimi p\u00ebr d\u00ebnimin e klientit t\u00eb tij.<\/p>\n<p>Ai tha se \u00ebsht\u00eb i bindur se ka ndodhur di\u00e7ka n\u00eb Dhom\u00ebn e K\u00ebshillimit ku u mblodh\u00ebn gjyqtar\u00ebt p\u00ebr t\u00eb marr\u00eb vendimin. Sipas tij, ata q\u00eb ndikuan p\u00ebr k\u00ebt\u00eb vendim i kan\u00eb dal\u00eb t\u00eb keqes p\u00ebrpara, pasi e din\u00eb se n\u00eb Gjykat\u00ebn e Lart\u00eb Tahiri do t\u00eb shpallet i pafajsh\u00ebm.<\/p>\n<p>\u201cKa ndodhur di\u00e7ka n\u00eb Dhom\u00ebn e K\u00ebshillimit kur u mblodh\u00ebn p\u00ebr t\u00eb marr\u00eb vendim. Ne nuk e prisnim at\u00eb vendim. Prisnim maksimumin t\u00eb linin n\u00eb fuqi vendimin e shkall\u00ebs s\u00eb par\u00eb. Un\u00eb mendoj dhe e kam t\u00eb provuar se ata q\u00eb ndikuan, i dol\u00ebn t\u00eb keqes p\u00ebrpara, pasi e pan\u00eb se perspektiva e \u00e7\u00ebshtjes n\u00eb Gjykat\u00ebn e Lart\u00eb do t\u00eb ishte pafaj\u00ebsia\u201d, tha ai n\u00eb Opinion.<\/p>\n<p>Avokati tregoi se Gjykata jka b\u00ebr\u00eb edhe nj\u00eb gaf\u00eb, pasi ka r\u00ebnduar d\u00ebnimin e Saimir Tahirit edhe pse Prokuroria nuk e kishte ankimuar vendiumin p\u00ebr akuz\u00ebn \u201cshp\u00ebrdorim detyre\u201d, akuz\u00eb p\u00ebr t\u00eb cil\u00ebn u d\u00ebnua ish-ministri.<\/p>\n<p>\u201cGafa m\u00eb e madhe q\u00eb \u00ebsht\u00eb b\u00ebr\u00eb n\u00eb k\u00ebt\u00eb proces \u00ebsht\u00eb kjo: Kur b\u00ebn ankim i pandehuri dhe nuk b\u00ebn ankim pala tjet\u00ebr q\u00eb ishte prokurrori, Gjykata nuk mund t\u00eb b\u00ebj\u00eb r\u00ebndim t\u00eb d\u00ebnimit. Ankimi n\u00eb Apel nga ana e Prokuroris\u00eb nuk \u00ebsht\u00eb b\u00ebr\u00eb p\u00ebr shp\u00ebrdorim detyre\u201d, u shpreh avokati.<\/p>\n","protected":false},"excerpt":{"rendered":"<p>Maks Haxhia, avokati i ish-ministrit Saimir Tahiri, ka hedhur akuza t\u00eb forta p\u00ebr m\u00ebnyr\u00ebn sesi u mor vendimi p\u00ebr d\u00ebnimin e klientit t\u00eb tij. Ai tha se \u00ebsht\u00eb i bindur se ka ndodhur di\u00e7ka n\u00eb Dhom\u00ebn e K\u00ebshillimit ku u mblodh\u00ebn gjyqtar\u00ebt p\u00ebr t\u00eb marr\u00eb vendimin. Sipas tij, ata q\u00eb ndikuan p\u00ebr k\u00ebt\u00eb vendim i [&hellip;]<\/p>\n","protected":false},"author":2031,"featured_media":235520,"comment_status":"closed","ping_status":"closed","sticky":false,"template":"","format":"standard","meta":{"footnotes":""},"categories":[241,231,235],"tags":[],"class_list":{"0":"post-235519","1":"post","2":"type-post","3":"status-publish","4":"format-standard","5":"has-post-thumbnail","7":"category-aktualitet","8":"category-lajme","9":"category-vendi"},"_links":{"self":[{"href":"https:\/\/zjarr.tv\/sq\/wp-json\/wp\/v2\/posts\/235519","targetHints":{"allow":["GET"]}}],"collection":[{"href":"https:\/\/zjarr.tv\/sq\/wp-json\/wp\/v2\/posts"}],"about":[{"href":"https:\/\/zjarr.tv\/sq\/wp-json\/wp\/v2\/types\/post"}],"author":[{"embeddable":true,"href":"https:\/\/zjarr.tv\/sq\/wp-json\/wp\/v2\/users\/2031"}],"replies":[{"embeddable":true,"href":"https:\/\/zjarr.tv\/sq\/wp-json\/wp\/v2\/comments?post=235519"}],"version-history":[{"count":0,"href":"https:\/\/zjarr.tv\/sq\/wp-json\/wp\/v2\/posts\/235519\/revisions"}],"wp:featuredmedia":[{"embeddable":true,"href":"https:\/\/zjarr.tv\/sq\/wp-json\/wp\/v2\/media\/235520"}],"wp:attachment":[{"href":"https:\/\/zjarr.tv\/sq\/wp-json\/wp\/v2\/media?parent=235519"}],"wp:term":[{"taxonomy":"category","embeddable":true,"href":"https:\/\/zjarr.tv\/sq\/wp-json\/wp\/v2\/categories?post=235519"},{"taxonomy":"post_tag","embeddable":true,"href":"https:\/\/zjarr.tv\/sq\/wp-json\/wp\/v2\/tags?post=235519"}],"curies":[{"name":"wp","href":"https:\/\/api.w.org\/{rel}","templated":true}]}}