{"id":235870,"date":"2022-02-09T19:38:40","date_gmt":"2022-02-09T18:38:40","guid":{"rendered":"https:\/\/zjarr.tv\/?p=235870"},"modified":"2022-02-09T19:38:40","modified_gmt":"2022-02-09T18:38:40","slug":"ambasadorja-yuri-kim-takim-me-nenkryetarin-e-pd-se-agron-gjekmarkaj-presim-bashkepunim-te-forte","status":"publish","type":"post","link":"https:\/\/zjarr.tv\/sq\/ambasadorja-yuri-kim-takim-me-nenkryetarin-e-pd-se-agron-gjekmarkaj-presim-bashkepunim-te-forte\/","title":{"rendered":"Ambasadorja Yuri Kim takim me n\u00ebnkryetarin e PD-s\u00eb, Agron Gjekmarkaj: Presim bashk\u00ebpunim t\u00eb fort\u00eb"},"content":{"rendered":"<p>Ambasadorja e SHBA-ve n\u00eb Tiran\u00eb, Yuri Kim ka zhvilluar sot nj\u00eb takim me n\u00ebnkryetarin e PD-s\u00eb, Agron Gjekmarkaj.<\/p>\n<p>P\u00ebrmes nj\u00eb mesazhi n\u00eb rrjetin sociale \u2018Twitter\u2019 ambasadorja Kim thekson se ka uruar nga af\u00ebr deputetin Gjekmarkaj p\u00ebr detyr\u00ebn e tij t\u00eb re.<\/p>\n<p>\u201cE k\u00ebnaqur t\u00eb takohem me deputeti e PD Agron Gjekmarkaj sot. I urojm\u00eb gjith\u00eb t\u00eb mirat n\u00eb p\u00ebrgjegj\u00ebsit\u00eb e reja drejtuese si n\u00ebnkryetar dhe presim nj\u00eb bashk\u00ebpunim t\u00eb fort\u00eb\u201d, shkruan Kim.<\/p>\n","protected":false},"excerpt":{"rendered":"<p>Ambasadorja e SHBA-ve n\u00eb Tiran\u00eb, Yuri Kim ka zhvilluar sot nj\u00eb takim me n\u00ebnkryetarin e PD-s\u00eb, Agron Gjekmarkaj. P\u00ebrmes nj\u00eb mesazhi n\u00eb rrjetin sociale \u2018Twitter\u2019 ambasadorja Kim thekson se ka uruar nga af\u00ebr deputetin Gjekmarkaj p\u00ebr detyr\u00ebn e tij t\u00eb re. \u201cE k\u00ebnaqur t\u00eb takohem me deputeti e PD Agron Gjekmarkaj sot. I urojm\u00eb gjith\u00eb [&hellip;]<\/p>\n","protected":false},"author":2031,"featured_media":235871,"comment_status":"closed","ping_status":"closed","sticky":false,"template":"","format":"standard","meta":{"footnotes":""},"categories":[241,231,1454,235],"tags":[],"class_list":{"0":"post-235870","1":"post","2":"type-post","3":"status-publish","4":"format-standard","5":"has-post-thumbnail","7":"category-aktualitet","8":"category-lajme","9":"category-politike","10":"category-vendi"},"_links":{"self":[{"href":"https:\/\/zjarr.tv\/sq\/wp-json\/wp\/v2\/posts\/235870","targetHints":{"allow":["GET"]}}],"collection":[{"href":"https:\/\/zjarr.tv\/sq\/wp-json\/wp\/v2\/posts"}],"about":[{"href":"https:\/\/zjarr.tv\/sq\/wp-json\/wp\/v2\/types\/post"}],"author":[{"embeddable":true,"href":"https:\/\/zjarr.tv\/sq\/wp-json\/wp\/v2\/users\/2031"}],"replies":[{"embeddable":true,"href":"https:\/\/zjarr.tv\/sq\/wp-json\/wp\/v2\/comments?post=235870"}],"version-history":[{"count":0,"href":"https:\/\/zjarr.tv\/sq\/wp-json\/wp\/v2\/posts\/235870\/revisions"}],"wp:featuredmedia":[{"embeddable":true,"href":"https:\/\/zjarr.tv\/sq\/wp-json\/wp\/v2\/media\/235871"}],"wp:attachment":[{"href":"https:\/\/zjarr.tv\/sq\/wp-json\/wp\/v2\/media?parent=235870"}],"wp:term":[{"taxonomy":"category","embeddable":true,"href":"https:\/\/zjarr.tv\/sq\/wp-json\/wp\/v2\/categories?post=235870"},{"taxonomy":"post_tag","embeddable":true,"href":"https:\/\/zjarr.tv\/sq\/wp-json\/wp\/v2\/tags?post=235870"}],"curies":[{"name":"wp","href":"https:\/\/api.w.org\/{rel}","templated":true}]}}