{"id":236269,"date":"2022-02-11T13:09:56","date_gmt":"2022-02-11T12:09:56","guid":{"rendered":"https:\/\/zjarr.tv\/?p=236269"},"modified":"2022-02-11T13:09:56","modified_gmt":"2022-02-11T12:09:56","slug":"politikani-dhe-bigbradhersi-befason-me-komentin-ish-deputeti-namik-dokle-nje-here-me-berishen-nje-here-me-donaldin","status":"publish","type":"post","link":"https:\/\/zjarr.tv\/sq\/politikani-dhe-bigbradhersi-befason-me-komentin-ish-deputeti-namik-dokle-nje-here-me-berishen-nje-here-me-donaldin\/","title":{"rendered":"\u201cPolitikani dhe Bigbradh\u00ebrsi\u201d, befason me komentin ish-deputeti Namik Dokle: Nj\u00eb her\u00eb me Berish\u00ebn, nj\u00eb her\u00eb me Donaldin\u2026"},"content":{"rendered":"<p>Ish-deputeti socialist Namik Dokle ka ironizuar situat\u00ebn politike n\u00eb vend, nd\u00ebrsa e ka krahasuar at\u00eb me loj\u00ebn q\u00eb zhvillohet n\u00eb spektaklin e famsh\u00ebm, Big Brother Albania VIP.<\/p>\n<p>P\u00ebrmes nj\u00eb statusi n\u00eb \u201cFacebook\u201d, Dokle ka sjell\u00eb me humor p\u00ebr ndjek\u00ebsit e tij, \u2018flirtet\u2019 e dit\u00ebs brenda sht\u00ebpis\u00eb s\u00eb politik\u00ebs si dhe finalen e madhe mes Bash\u00ebs dhe Berish\u00ebs.<\/p>\n<p>POSTIMI I PLOT\u00cb<\/p>\n<p>POLITIKANI dhe BIGBRADH\u00cbRSI<\/p>\n<p>Nj\u00eb politikan i dit\u00ebs takoi nj\u00ebrin nga \u201cbigbradh\u00ebrsat\u201d q\u00eb sapo kishte dal\u00eb nga loja, pa arritur dot n\u00eb finale\u2026<\/p>\n<p>-Po \u00e7\u2019b\u00ebhet n\u00eb at\u00eb \u201csht\u00ebpin\u00eb\u201d tuaj?- u g\u00ebrrduf politikani,- Nj\u00eb her\u00eb me Ilirin, pastaj kund\u00ebr Ilirit; nj\u00eb her\u00eb me Donaldin, pastaj kund\u00ebr!<\/p>\n<p>Bigbradh\u00ebrsi qeshi dhe pastaj ia ngjeshi:<\/p>\n<p>-Euuu, kush po na flet!!! A nuk jeni ju politikan\u00ebt nj\u00eb her\u00eb me Ilirin, pastaj kund\u00ebr Ilirit, nj\u00eb her\u00eb me Berish\u00ebn pastaj kund\u00ebr tij, nj\u00eb her\u00eb me Lulin, pastaj kund\u00ebr Lulit, nj\u00eb her\u00eb me Edin, pastaj kund\u00ebr\u2026?! Nga \u201cloja \u201d jon\u00eb nuk vuan askush, nga e juaja t\u00eb gjith\u00eb!<\/p>\n","protected":false},"excerpt":{"rendered":"<p>Ish-deputeti socialist Namik Dokle ka ironizuar situat\u00ebn politike n\u00eb vend, nd\u00ebrsa e ka krahasuar at\u00eb me loj\u00ebn q\u00eb zhvillohet n\u00eb spektaklin e famsh\u00ebm, Big Brother Albania VIP. P\u00ebrmes nj\u00eb statusi n\u00eb \u201cFacebook\u201d, Dokle ka sjell\u00eb me humor p\u00ebr ndjek\u00ebsit e tij, \u2018flirtet\u2019 e dit\u00ebs brenda sht\u00ebpis\u00eb s\u00eb politik\u00ebs si dhe finalen e madhe mes Bash\u00ebs [&hellip;]<\/p>\n","protected":false},"author":2030,"featured_media":236271,"comment_status":"closed","ping_status":"closed","sticky":false,"template":"","format":"standard","meta":{"footnotes":""},"categories":[241,3366,1454],"tags":[],"class_list":{"0":"post-236269","1":"post","2":"type-post","3":"status-publish","4":"format-standard","5":"has-post-thumbnail","7":"category-aktualitet","8":"category-koment","9":"category-politike"},"_links":{"self":[{"href":"https:\/\/zjarr.tv\/sq\/wp-json\/wp\/v2\/posts\/236269","targetHints":{"allow":["GET"]}}],"collection":[{"href":"https:\/\/zjarr.tv\/sq\/wp-json\/wp\/v2\/posts"}],"about":[{"href":"https:\/\/zjarr.tv\/sq\/wp-json\/wp\/v2\/types\/post"}],"author":[{"embeddable":true,"href":"https:\/\/zjarr.tv\/sq\/wp-json\/wp\/v2\/users\/2030"}],"replies":[{"embeddable":true,"href":"https:\/\/zjarr.tv\/sq\/wp-json\/wp\/v2\/comments?post=236269"}],"version-history":[{"count":0,"href":"https:\/\/zjarr.tv\/sq\/wp-json\/wp\/v2\/posts\/236269\/revisions"}],"wp:featuredmedia":[{"embeddable":true,"href":"https:\/\/zjarr.tv\/sq\/wp-json\/wp\/v2\/media\/236271"}],"wp:attachment":[{"href":"https:\/\/zjarr.tv\/sq\/wp-json\/wp\/v2\/media?parent=236269"}],"wp:term":[{"taxonomy":"category","embeddable":true,"href":"https:\/\/zjarr.tv\/sq\/wp-json\/wp\/v2\/categories?post=236269"},{"taxonomy":"post_tag","embeddable":true,"href":"https:\/\/zjarr.tv\/sq\/wp-json\/wp\/v2\/tags?post=236269"}],"curies":[{"name":"wp","href":"https:\/\/api.w.org\/{rel}","templated":true}]}}