{"id":236270,"date":"2022-02-11T13:17:47","date_gmt":"2022-02-11T12:17:47","guid":{"rendered":"https:\/\/zjarr.tv\/?p=236270"},"modified":"2022-02-11T13:17:47","modified_gmt":"2022-02-11T12:17:47","slug":"zgjatja-e-mandatit-te-vettingut-myslim-murrizi-shperthen-ndaj-lulzim-bashes","status":"publish","type":"post","link":"https:\/\/zjarr.tv\/sq\/zgjatja-e-mandatit-te-vettingut-myslim-murrizi-shperthen-ndaj-lulzim-bashes\/","title":{"rendered":"Zgjatja e mandatit t\u00eb vettingut, Myslim Murrizi \u2018shp\u00ebrthen\u2019 ndaj Lulzim Bash\u00ebs"},"content":{"rendered":"<p>Dit\u00ebn e sotme n\u00eb Kuvendin e Shqip\u00ebris\u00eb u votua p\u00ebr zgjatjen e mandatit t\u00eb an\u00ebtar\u00ebve t\u00eb Vettingut deri n\u00eb vitin 2024, ku votave t\u00eb mazhoranc\u00ebs iu jan\u00eb bashkuar edhe ato t\u00eb Partis\u00eb Demokratike.<\/p>\n<p>Nd\u00ebrkoh\u00eb, ish-deputeti Myslim Murrizi ka sulmuar ashp\u00ebr deputet\u00ebt demokrat\u00eb dhe ve\u00e7an\u00ebrisht kryedemokratin Lulzim Basha.<\/p>\n<p>Sipas tij, Basha \u00ebsht\u00eb i detyruar t\u00eb votoj\u00eb pro, pasi \u00ebsht\u00eb \u201d i tredhur nga dosjet e Rrug\u00ebs s\u00eb Kombit, 4 viktimat e 21 Janarit, marr\u00ebveshja e detit me Greqin\u00eb, dosja Toyota Yaris\u201d dhe disa \u00e7\u00ebshtje t\u00eb tjera kriminale.<\/p>\n<p><strong>Postimi i plot\u00eb:<\/strong><\/p>\n<p>\u201cSpurdhjaket e Kuvendit te 17 qershorit 2017 dhe bythecet e Kuvendit te sotem 10 shkurt 2022 qe votojne si qen te tredhur nga frika e burrokrateve qe puthen ne llozha te Kuvendit<\/p>\n<p>Ne 17 qershor 2017 ishin 101 spurdhjake qe votuan per 27 emrat e vetinguesve ku nje pjese jo e vogel e tyre ishin ordiner pa integritet dhe sot jane te denuar apo nen hetim si fallsifikator dhe mashtrues<\/p>\n<p>Sot nje grusht mender deputetesh bythec votuan qe keta ordiner te vazhdojne te marin nga 5000 euro ne muaj deri ne dhjetor 2024 per te ligjeruar funderrinat e rregjimit komunist( ish hetues ish prokuror ish gjygjtare ish sigurimsa) ne drejtesi dhe per te larguar nga drejtesia pothuajse te gjithe magjistratet<\/p>\n<p>Dhe kur degjoj qe gjoja paskan votuar pro vetingut per hater te integrimit, me vjen tua bej ne koke Kur je i tredhur nga dosjet e rruges se Kombit, nga 4 viktimat e 21 janarit 2011, nga marreveshja e detit me Greqine, nga 600 mij euro te Nik Muzinit, nga toyota yaris te Belgjikes, nga miliona euro te kunatit ka shkruar ai.<\/p>\n","protected":false},"excerpt":{"rendered":"<p>Dit\u00ebn e sotme n\u00eb Kuvendin e Shqip\u00ebris\u00eb u votua p\u00ebr zgjatjen e mandatit t\u00eb an\u00ebtar\u00ebve t\u00eb Vettingut deri n\u00eb vitin 2024, ku votave t\u00eb mazhoranc\u00ebs iu jan\u00eb bashkuar edhe ato t\u00eb Partis\u00eb Demokratike. Nd\u00ebrkoh\u00eb, ish-deputeti Myslim Murrizi ka sulmuar ashp\u00ebr deputet\u00ebt demokrat\u00eb dhe ve\u00e7an\u00ebrisht kryedemokratin Lulzim Basha. Sipas tij, Basha \u00ebsht\u00eb i detyruar t\u00eb votoj\u00eb [&hellip;]<\/p>\n","protected":false},"author":2020,"featured_media":236274,"comment_status":"closed","ping_status":"closed","sticky":false,"template":"","format":"standard","meta":{"footnotes":""},"categories":[241,231],"tags":[],"class_list":{"0":"post-236270","1":"post","2":"type-post","3":"status-publish","4":"format-standard","5":"has-post-thumbnail","7":"category-aktualitet","8":"category-lajme"},"_links":{"self":[{"href":"https:\/\/zjarr.tv\/sq\/wp-json\/wp\/v2\/posts\/236270","targetHints":{"allow":["GET"]}}],"collection":[{"href":"https:\/\/zjarr.tv\/sq\/wp-json\/wp\/v2\/posts"}],"about":[{"href":"https:\/\/zjarr.tv\/sq\/wp-json\/wp\/v2\/types\/post"}],"author":[{"embeddable":true,"href":"https:\/\/zjarr.tv\/sq\/wp-json\/wp\/v2\/users\/2020"}],"replies":[{"embeddable":true,"href":"https:\/\/zjarr.tv\/sq\/wp-json\/wp\/v2\/comments?post=236270"}],"version-history":[{"count":0,"href":"https:\/\/zjarr.tv\/sq\/wp-json\/wp\/v2\/posts\/236270\/revisions"}],"wp:featuredmedia":[{"embeddable":true,"href":"https:\/\/zjarr.tv\/sq\/wp-json\/wp\/v2\/media\/236274"}],"wp:attachment":[{"href":"https:\/\/zjarr.tv\/sq\/wp-json\/wp\/v2\/media?parent=236270"}],"wp:term":[{"taxonomy":"category","embeddable":true,"href":"https:\/\/zjarr.tv\/sq\/wp-json\/wp\/v2\/categories?post=236270"},{"taxonomy":"post_tag","embeddable":true,"href":"https:\/\/zjarr.tv\/sq\/wp-json\/wp\/v2\/tags?post=236270"}],"curies":[{"name":"wp","href":"https:\/\/api.w.org\/{rel}","templated":true}]}}