{"id":236276,"date":"2022-02-11T13:20:08","date_gmt":"2022-02-11T12:20:08","guid":{"rendered":"https:\/\/zjarr.tv\/?p=236276"},"modified":"2022-02-11T13:20:08","modified_gmt":"2022-02-11T12:20:08","slug":"eshte-zbuluar-vetem-maja-e-ajsbergut-deputeti-i-pd-se-tregon-emrat-e-politikaneve-qe-fshihen-pas-aferes-se-inceneratoreve-vjedhja-nuk-mund-te-behej-pa-dijenine-e","status":"publish","type":"post","link":"https:\/\/zjarr.tv\/sq\/eshte-zbuluar-vetem-maja-e-ajsbergut-deputeti-i-pd-se-tregon-emrat-e-politikaneve-qe-fshihen-pas-aferes-se-inceneratoreve-vjedhja-nuk-mund-te-behej-pa-dijenine-e\/","title":{"rendered":"\u201c\u00cbsht\u00eb zbuluar vet\u00ebm maja e ajsbergut\u201d, deputeti i PD-s\u00eb tregon EMRAT e politikan\u00ebve q\u00eb fshihen pas afer\u00ebs s\u00eb incenerator\u00ebve: Vjedhja nuk mund t\u00eb b\u00ebhej pa dijenin\u00eb e&#8230;"},"content":{"rendered":"<p>Deputeti i PD-s\u00eb, Lefter G\u00ebshtenja ka ndar\u00eb n\u00eb rrjetet sociale nj\u00eb video mbi afer\u00ebn e incenerator\u00ebve, ku thekson se \u201c\u00ebsht\u00eb zbuluar vet\u00ebm maja e ajsbergut\u201d.<\/p>\n<p>Sipas deputetit, hetimet i kan\u00eb dh\u00ebn\u00eb t\u00eb drejt\u00eb PD-s\u00eb, ku \u201c17 procedura jan\u00eb kryer brenda 24 or\u00ebve vet\u00ebm p\u00ebr t\u00eb miratuar koncesionin p\u00ebr inceneratorin e Elbasanit\u201d.<\/p>\n<p>Mesazhi i deputetit:<\/p>\n<p>430 milion euro \u00ebsht\u00eb afera korruptive e incenerator\u00ebve me dijenin\u00eb dhe mb\u00ebshtetjen e Edi Ram\u00ebs.<\/p>\n<p>Hetimet e para i dhan\u00eb t\u00eb drejt\u00eb PD, por deri tani \u00ebsht\u00eb zbuluar vet\u00ebm maja e ajsbergut.<\/p>\n<p>17 procedura jan\u00eb kryer brenda 24 or\u00ebve vet\u00ebm p\u00ebr t\u00eb miratuar koncesionin p\u00ebr inceneratorin e Elbasanit. K\u00ebto procedura p\u00ebrfshijn\u00eb edhe\u00a0 Arben Ahmetajn , Damjan Gjiknurin, \u00cbngj\u00ebll Aga\u00e7in, e shum\u00eb zyrtar\u00eb t\u00eb tjer\u00eb. Por natyrisht, asgj\u00eb nuk do t\u00eb mund t\u00eb ishte b\u00ebr\u00eb pa dijenin\u00eb dhe miratimin e Edi Ram\u00ebs.<\/p>\n<p>Shqip\u00ebria \u00ebsht\u00eb sot vendi m\u00eb i korruptuar i Europ\u00ebs.<\/p>\n<p>Rama \u00ebsht\u00eb i korruptuar.<\/p>\n<p>Qeveria e tij \u00ebsht\u00eb e korruptuar.<\/p>\n<p>Me k\u00ebta n\u00eb krye, Shqip\u00ebria nuk mund t\u00eb ket\u00eb zhvillim.<\/p>\n<p>Shqiptar\u00ebt duhet ta braktisin t\u00eb shkuar\u00ebn dhe t\u00eb korruptuarit!<\/p>\n","protected":false},"excerpt":{"rendered":"<p>Deputeti i PD-s\u00eb, Lefter G\u00ebshtenja ka ndar\u00eb n\u00eb rrjetet sociale nj\u00eb video mbi afer\u00ebn e incenerator\u00ebve, ku thekson se \u201c\u00ebsht\u00eb zbuluar vet\u00ebm maja e ajsbergut\u201d. Sipas deputetit, hetimet i kan\u00eb dh\u00ebn\u00eb t\u00eb drejt\u00eb PD-s\u00eb, ku \u201c17 procedura jan\u00eb kryer brenda 24 or\u00ebve vet\u00ebm p\u00ebr t\u00eb miratuar koncesionin p\u00ebr inceneratorin e Elbasanit\u201d. Mesazhi i deputetit: 430 [&hellip;]<\/p>\n","protected":false},"author":2030,"featured_media":236278,"comment_status":"closed","ping_status":"closed","sticky":false,"template":"","format":"standard","meta":{"footnotes":""},"categories":[241,3366,231,1454],"tags":[],"class_list":{"0":"post-236276","1":"post","2":"type-post","3":"status-publish","4":"format-standard","5":"has-post-thumbnail","7":"category-aktualitet","8":"category-koment","9":"category-lajme","10":"category-politike"},"_links":{"self":[{"href":"https:\/\/zjarr.tv\/sq\/wp-json\/wp\/v2\/posts\/236276","targetHints":{"allow":["GET"]}}],"collection":[{"href":"https:\/\/zjarr.tv\/sq\/wp-json\/wp\/v2\/posts"}],"about":[{"href":"https:\/\/zjarr.tv\/sq\/wp-json\/wp\/v2\/types\/post"}],"author":[{"embeddable":true,"href":"https:\/\/zjarr.tv\/sq\/wp-json\/wp\/v2\/users\/2030"}],"replies":[{"embeddable":true,"href":"https:\/\/zjarr.tv\/sq\/wp-json\/wp\/v2\/comments?post=236276"}],"version-history":[{"count":0,"href":"https:\/\/zjarr.tv\/sq\/wp-json\/wp\/v2\/posts\/236276\/revisions"}],"wp:featuredmedia":[{"embeddable":true,"href":"https:\/\/zjarr.tv\/sq\/wp-json\/wp\/v2\/media\/236278"}],"wp:attachment":[{"href":"https:\/\/zjarr.tv\/sq\/wp-json\/wp\/v2\/media?parent=236276"}],"wp:term":[{"taxonomy":"category","embeddable":true,"href":"https:\/\/zjarr.tv\/sq\/wp-json\/wp\/v2\/categories?post=236276"},{"taxonomy":"post_tag","embeddable":true,"href":"https:\/\/zjarr.tv\/sq\/wp-json\/wp\/v2\/tags?post=236276"}],"curies":[{"name":"wp","href":"https:\/\/api.w.org\/{rel}","templated":true}]}}