{"id":236282,"date":"2022-02-11T13:28:10","date_gmt":"2022-02-11T12:28:10","guid":{"rendered":"https:\/\/zjarr.tv\/?p=236282"},"modified":"2022-02-11T13:28:10","modified_gmt":"2022-02-11T12:28:10","slug":"per-te-dytin-vit-radhazi-indeksi-i-demokracise-ne-the-economist-permiresohet-shqiperia-ja-ku-renditet-vendi-yne","status":"publish","type":"post","link":"https:\/\/zjarr.tv\/sq\/per-te-dytin-vit-radhazi-indeksi-i-demokracise-ne-the-economist-permiresohet-shqiperia-ja-ku-renditet-vendi-yne\/","title":{"rendered":"P\u00ebr t\u00eb dytin vit radhazi\/ Indeksi i demokracis\u00eb n\u00eb \u2018The Economist\u2019. P\u00ebrmir\u00ebsohet Shqip\u00ebria, ja ku renditet vendi yn\u00eb"},"content":{"rendered":"<p>Shqip\u00ebria \u00ebsht\u00eb p\u00ebrmir\u00ebsuar p\u00ebr t\u00eb dytin vit radhazi n\u00eb Indeksin e Demokracis\u00eb, q\u00eb publikohet nga revista e njohur The Economist, duke u renditur n\u00eb vendin e 68, nga ai i 71 q\u00eb ishte vitin e m\u00ebparsh\u00ebm.<\/p>\n<p>Shqip\u00ebria renditet m\u00eb mir\u00eb se Maqedonia e Veriut (73), Mali i Zi (74),\u00a0 Bosnj\u00eb Hercegovina (95), nd\u00ebrsa m\u00eb mir\u00eb n\u00eb rajon \u00ebsht\u00eb Serbia, n\u00eb vendin e 63.<\/p>\n<p>N\u00eb 2021, vendi yn\u00eb hyri p\u00ebr her\u00eb t\u00eb par\u00eb n\u00eb grupin e dyt\u00eb t\u00eb vendeve t\u00eb ashtuquajtura demokraci me probleme (ku zgjedhjet jan\u00eb t\u00eb lira dhe ka t\u00eb drejta civile, por ka probleme si liria e medias apo ndrydhja e opozit\u00ebs dhe kriz\u00ebs).<\/p>\n<p>M\u00eb her\u00ebt, Shqip\u00ebria renditej n\u00eb grupin e tret\u00eb t\u00eb vendeve me demokraci hibride (kombinim i regjimit politik q\u00eb shpesh krijohet si rezultat i nj\u00eb kalimi jo t\u00eb plot\u00eb nga nj\u00eb regjim autoritar n\u00eb nj\u00eb regjim demokratik). Grupi I par\u00eb \u00ebsht\u00eb ai i demokracis\u00eb s\u00eb plot\u00eb dhe i kat\u00ebrti i ai autoritar.<\/p>\n<p>Shqip\u00ebria n\u00eb renditjen e k\u00ebtij viti kishte 6.11 pik\u00eb, me nj\u00eb p\u00ebrmir\u00ebsim t\u00eb leht\u00eb nga viti i m\u00ebparsh\u00ebm, kur treguesi ishte 6.08 pik\u00eb ( nga 10 pik\u00eb t\u00eb mundshme, sa m\u00eb pak pik\u00eb, aq m\u00eb e p\u00ebrkeq\u00ebsuar \u00ebsht\u00eb renditja). Ky \u00ebsht\u00eb rezultati m\u00eb i lart\u00eb q\u00eb nga marr\u00eb Shqip\u00ebria, q\u00eb nga viti 2006, kur publikohet ky indeks.<\/p>\n<p>Indeksi i Demokracis\u00eb bazohet n\u00eb pes\u00eb kategori: procesi zgjedhor dhe pluralizmi, funksionimi i qeveris\u00eb, pjes\u00ebmarrja politike, kultura politike dhe lirit\u00eb civile. Bazuar n\u00eb rezultatet e tij n\u00eb nj\u00eb gam\u00eb t\u00eb indikator\u00ebve brenda k\u00ebtyre kategorive, secili vend m\u00eb pas klasifikohet si nj\u00eb nga kat\u00ebr llojet e regjimit: \u201cdemokraci e plot\u00eb\u201d, \u201cdemokraci me probleme\u201d, \u201cregjim hibrid\u201d ose \u201cregjim autoritar\u201d.<\/p>\n<p>Vendi \u00ebsht\u00eb m\u00eb dob\u00ebt n\u00eb kategorin\u00eb e \u201cpjes\u00ebmarrjes politike\u201d, q\u00eb kishte nj\u00eb pik\u00ebzim prej 4.44, e nj\u00ebjt\u00eb me vitin e kaluar. M\u00eb mir\u00eb Shqip\u00ebria renditet n\u00eb kategorin\u00eb e \u201clirive civile\u201d, me 7.06 pik\u00eb (ndon\u00ebse ky tregues ka qen\u00eb me r\u00ebnie n\u00eb dy vitet e fundit), e ndjekur nga \u201cprocesi zgjedhor dhe pluralizmi\u201d me 7 pik\u00eb (nj\u00ebsoj me vitin e kaluar), funksionimi i qeveris\u00eb (6.43, nga 5.36 q\u00eb ishte n\u00eb renditjen e vitit t\u00eb kaluar), kultura politike (5.6, n\u00eb r\u00ebnie nga 6.25 vitin e kaluar).<\/p>\n<p>Shteti m\u00eb demokratik n\u00eb bot\u00eb \u00ebsht\u00eb Norvegjia, i ndjekur nga Zelanda e re, Finlanda, Suedia, Islanda.\/monitor<\/p>\n","protected":false},"excerpt":{"rendered":"<p>Shqip\u00ebria \u00ebsht\u00eb p\u00ebrmir\u00ebsuar p\u00ebr t\u00eb dytin vit radhazi n\u00eb Indeksin e Demokracis\u00eb, q\u00eb publikohet nga revista e njohur The Economist, duke u renditur n\u00eb vendin e 68, nga ai i 71 q\u00eb ishte vitin e m\u00ebparsh\u00ebm. Shqip\u00ebria renditet m\u00eb mir\u00eb se Maqedonia e Veriut (73), Mali i Zi (74),\u00a0 Bosnj\u00eb Hercegovina (95), nd\u00ebrsa m\u00eb mir\u00eb [&hellip;]<\/p>\n","protected":false},"author":2030,"featured_media":236283,"comment_status":"closed","ping_status":"closed","sticky":false,"template":"","format":"standard","meta":{"footnotes":""},"categories":[241,5380,231],"tags":[],"class_list":{"0":"post-236282","1":"post","2":"type-post","3":"status-publish","4":"format-standard","5":"has-post-thumbnail","7":"category-aktualitet","8":"category-kryesore","9":"category-lajme"},"_links":{"self":[{"href":"https:\/\/zjarr.tv\/sq\/wp-json\/wp\/v2\/posts\/236282","targetHints":{"allow":["GET"]}}],"collection":[{"href":"https:\/\/zjarr.tv\/sq\/wp-json\/wp\/v2\/posts"}],"about":[{"href":"https:\/\/zjarr.tv\/sq\/wp-json\/wp\/v2\/types\/post"}],"author":[{"embeddable":true,"href":"https:\/\/zjarr.tv\/sq\/wp-json\/wp\/v2\/users\/2030"}],"replies":[{"embeddable":true,"href":"https:\/\/zjarr.tv\/sq\/wp-json\/wp\/v2\/comments?post=236282"}],"version-history":[{"count":0,"href":"https:\/\/zjarr.tv\/sq\/wp-json\/wp\/v2\/posts\/236282\/revisions"}],"wp:featuredmedia":[{"embeddable":true,"href":"https:\/\/zjarr.tv\/sq\/wp-json\/wp\/v2\/media\/236283"}],"wp:attachment":[{"href":"https:\/\/zjarr.tv\/sq\/wp-json\/wp\/v2\/media?parent=236282"}],"wp:term":[{"taxonomy":"category","embeddable":true,"href":"https:\/\/zjarr.tv\/sq\/wp-json\/wp\/v2\/categories?post=236282"},{"taxonomy":"post_tag","embeddable":true,"href":"https:\/\/zjarr.tv\/sq\/wp-json\/wp\/v2\/tags?post=236282"}],"curies":[{"name":"wp","href":"https:\/\/api.w.org\/{rel}","templated":true}]}}