{"id":236288,"date":"2022-02-11T13:45:44","date_gmt":"2022-02-11T12:45:44","guid":{"rendered":"https:\/\/zjarr.tv\/?p=236288"},"modified":"2022-02-11T15:47:36","modified_gmt":"2022-02-11T14:47:36","slug":"avokatja-ben-thirrjen-e-forte-refuzoni-foto-me-yuri-kim-ja-pse","status":"publish","type":"post","link":"https:\/\/zjarr.tv\/sq\/avokatja-ben-thirrjen-e-forte-refuzoni-foto-me-yuri-kim-ja-pse\/","title":{"rendered":"Avokatja b\u00ebn thirrjen e fort\u00eb\/ Refuzoni foto me Yuri Kim, ja pse"},"content":{"rendered":"<p>Aktivistja Adriana Kalaja, ka dal\u00eb me nj\u00eb reagim t\u00eb fort\u00eb ndaj ambasadores s\u00eb SHBA n\u00eb Tiran\u00eb, Yuri Kim.<\/p>\n<p>Nisur nga rastet e fundit, ku figura poblike kan\u00eb zgjedhur t\u00eb pozojn\u00eb krah saj, Kalaja shkruan se Kim pasqyron sh\u00ebmbullin e figur\u00ebs m\u00eb t\u00eb ul\u00ebt q\u00eb ka patur ambasada e SHBA-s\u00eb n\u00eb Tiran\u00eb, p\u00ebr faktin se \u00ebsht\u00eb p\u00ebrfshir\u00eb n\u00eb ceshtje q\u00eb nuk i takoj\u00eb duke u rreshtuar krah nj\u00ebr\u00ebs ose tjetr\u00ebs forc\u00eb politike, shkelur kushtetut\u00ebn dhe sovranitetin e vendit.<\/p>\n<p>Kalaja shkon edhe m\u00eb tej, ku thekson se ambasadorja \u00ebsht\u00eb rreshtuar krah krimit, zyrtar\u00ebve t\u00eb korruptuar dhe krah kapjes s\u00eb sistemi t\u00eb Drejt\u00ebsis\u00eb. \u201cN\u00ebse Yuri Kim do m\u00eb kishte ftuar n\u00eb ambasad\u00eb dhe\/apo p\u00ebr t\u00eb b\u00ebr\u00eb foto, un\u00eb do t\u00eb kisha refuzuar me forc\u00eb pasi, sipas meje pasqyron sh\u00ebmbullin e figur\u00ebs m\u00eb t\u00eb ul\u00ebt q\u00eb ka patur ambasada e SHBA-s\u00eb n\u00eb Tiran\u00eb, p\u00ebr faktin se:<\/p>\n<p>Shantazhon hapur Presidentin e vendit tim. Shantazhon demokrat\u00ebt se do hanin bar n\u00ebse nuk do zbatonin urdh\u00ebrat e saj.<\/p>\n<p>Shkel \u00e7do dit\u00eb Konvent\u00ebn e Vjen\u00ebs.<\/p>\n<p>Shkel \u00e7do dit\u00eb sovranitetin e vendit tim.<\/p>\n<p>\u00cbsht\u00eb investuar p\u00ebr shkat\u00ebrrimin e opozit\u00ebs shqiptare. \u00cbsht\u00eb investuar p\u00ebr kapjen e Sistemin t\u00eb Drejt\u00ebsis\u00eb nga Edi Rama.<\/p>\n<p>\u00cbsht\u00eb rreshtuar n\u00eb krah t\u00eb krimit, p\u00ebrfaq\u00ebsuar nga Kryeministri Rama. \u00cbsht\u00eb rreshtuar n\u00eb krah t\u00eb mafias, p\u00ebrfaq\u00ebsuar nga Erion Veliaj etj. \u00cbsht\u00eb rreshtuar n\u00eb krah t\u00eb zyrtar\u00eave m\u00eb t\u00eb korruptuar t\u00eb vendit, p\u00ebrfaq\u00ebsuar nga Arben Ahmetaj etj.<\/p>\n<p>Promovon modelin e individit si pjes\u00eb e \u201cshoq\u00ebris\u00eb civile\u201d q\u00eb i sh\u00ebrben pushtetit. Promovon gjyqtar\u00eb dhe prokuror\u00eb t\u00eb korruptuar duke i paraqitur si heronj t\u00eb drejt\u00ebsis\u00eb. Promovon individ\u00eb pjes\u00eb e \u201cshoq\u00ebris\u00eb civile\u201d t\u00eb mir\u00ebpaguar nga Sorosi e z. Kunat, si \u201ce ardhmja\u201d e politik\u00ebs.<\/p>\n<p>Ndaj i them kujdo q\u00eb t\u00eb mos lodhen kot duke u zvarritur dhe pozuar n\u00eb krah t\u00eb Yuri Kim. U lodh shum\u00eb kjo e fundit me Rudin\u00ebn e me Endrin, por n\u00eb Kuvend nuk i \u00e7oi dot. N\u00eb Kuvend apo Bashki, nuk t\u00eb \u00e7ojn\u00eb GOMAT e makin\u00ebs por motori i fuqish\u00ebm i votave.<\/p>\n<p>Ps: E di q\u00eb mund t\u00eb m\u00eb refuzohet viza n\u00ebse do ta k\u00ebrkoj ndonj\u00eb dit\u00eb por un\u00eb m\u00eb shum\u00eb se SHBA, dua Shqip\u00ebrin\u00eb.\u201d<\/p>\n<p>K\u00ebrpudhat toenail do t\u00eb zhduket n\u00ebse ju b\u00ebni k\u00ebt\u00eb!<\/p>\n","protected":false},"excerpt":{"rendered":"<p>Aktivistja Adriana Kalaja, ka dal\u00eb me nj\u00eb reagim t\u00eb fort\u00eb ndaj ambasadores s\u00eb SHBA n\u00eb Tiran\u00eb, Yuri Kim. Nisur nga rastet e fundit, ku figura poblike kan\u00eb zgjedhur t\u00eb pozojn\u00eb krah saj, Kalaja shkruan se Kim pasqyron sh\u00ebmbullin e figur\u00ebs m\u00eb t\u00eb ul\u00ebt q\u00eb ka patur ambasada e SHBA-s\u00eb n\u00eb Tiran\u00eb, p\u00ebr faktin se \u00ebsht\u00eb [&hellip;]<\/p>\n","protected":false},"author":2020,"featured_media":236291,"comment_status":"closed","ping_status":"closed","sticky":false,"template":"","format":"standard","meta":{"footnotes":""},"categories":[241],"tags":[],"class_list":{"0":"post-236288","1":"post","2":"type-post","3":"status-publish","4":"format-standard","5":"has-post-thumbnail","7":"category-aktualitet"},"_links":{"self":[{"href":"https:\/\/zjarr.tv\/sq\/wp-json\/wp\/v2\/posts\/236288","targetHints":{"allow":["GET"]}}],"collection":[{"href":"https:\/\/zjarr.tv\/sq\/wp-json\/wp\/v2\/posts"}],"about":[{"href":"https:\/\/zjarr.tv\/sq\/wp-json\/wp\/v2\/types\/post"}],"author":[{"embeddable":true,"href":"https:\/\/zjarr.tv\/sq\/wp-json\/wp\/v2\/users\/2020"}],"replies":[{"embeddable":true,"href":"https:\/\/zjarr.tv\/sq\/wp-json\/wp\/v2\/comments?post=236288"}],"version-history":[{"count":0,"href":"https:\/\/zjarr.tv\/sq\/wp-json\/wp\/v2\/posts\/236288\/revisions"}],"wp:featuredmedia":[{"embeddable":true,"href":"https:\/\/zjarr.tv\/sq\/wp-json\/wp\/v2\/media\/236291"}],"wp:attachment":[{"href":"https:\/\/zjarr.tv\/sq\/wp-json\/wp\/v2\/media?parent=236288"}],"wp:term":[{"taxonomy":"category","embeddable":true,"href":"https:\/\/zjarr.tv\/sq\/wp-json\/wp\/v2\/categories?post=236288"},{"taxonomy":"post_tag","embeddable":true,"href":"https:\/\/zjarr.tv\/sq\/wp-json\/wp\/v2\/tags?post=236288"}],"curies":[{"name":"wp","href":"https:\/\/api.w.org\/{rel}","templated":true}]}}