{"id":236292,"date":"2022-02-11T13:53:53","date_gmt":"2022-02-11T12:53:53","guid":{"rendered":"https:\/\/zjarr.tv\/?p=236292"},"modified":"2022-02-11T13:53:53","modified_gmt":"2022-02-11T12:53:53","slug":"gishti-i-kryeministrit-erion-dasho-mjerimngritja-e-gishtit-tregues-perben-nje-gjest-kercenues","status":"publish","type":"post","link":"https:\/\/zjarr.tv\/sq\/gishti-i-kryeministrit-erion-dasho-mjerimngritja-e-gishtit-tregues-perben-nje-gjest-kercenues\/","title":{"rendered":"\u201cGishti i Kryeministrit\u201d\/ Erion Dasho: \u201cMjerim\u2026ngritja e gishtit tregues p\u00ebrb\u00ebn nj\u00eb gjest k\u00ebrc\u00ebnues \u201d"},"content":{"rendered":"<p>Eksperti i sh\u00ebndetit publik, Erion Dasho ka reaguar n\u00eb lidhje me nj\u00eb gjest t\u00eb b\u00ebr\u00eb nj\u00eb dit\u00eb m\u00eb par\u00eb, nga kryeministri Edi Rama me N\u00ebn\u00eb Liz\u00ebn, e cila proteston kund\u00ebr shembjes s\u00eb banesave n\u00eb zon\u00ebn e 5 Majit.<\/p>\n<p>N\u00eb nj\u00eb postim n\u00eb rrjetet sociale, Dasho shkruan se ngritja e gishtit tregues p\u00ebrb\u00ebn nj\u00eb gjest k\u00ebrc\u00ebnues dhe fyes.<\/p>\n<p>\u201cN\u00eb etik\u00ebn e komunikimit, ngritja e gishtit tregues p\u00ebrb\u00ebn nj\u00eb gjest k\u00ebrc\u00ebnues. N\u00eb \u00e7do vend t\u00eb bot\u00ebs nj\u00eb kryeminist\u00ebr q\u00eb b\u00ebn nj\u00eb gjest t\u00eb till\u00eb (aq m\u00eb tep\u00ebr me nj\u00eb t\u00eb moshuar) do t\u00eb kishte p\u00ebrfunduar n\u00eb fokusin e cunamit t\u00eb opinionit publik.<\/p>\n<p>Ve\u00e7 jo Edi Rama dhe jo n\u00eb Shqip\u00ebri! K\u00ebtu njer\u00ebzit k\u00ebrc\u00ebnohen, fyhen dhe tallen nga kryeministri i tyre dhe e votojn\u00eb at\u00eb s\u00ebrish dhe s\u00ebrish. Mjerim\u2026\u201d-shkruan Erion Dasho.<\/p>\n","protected":false},"excerpt":{"rendered":"<p>Eksperti i sh\u00ebndetit publik, Erion Dasho ka reaguar n\u00eb lidhje me nj\u00eb gjest t\u00eb b\u00ebr\u00eb nj\u00eb dit\u00eb m\u00eb par\u00eb, nga kryeministri Edi Rama me N\u00ebn\u00eb Liz\u00ebn, e cila proteston kund\u00ebr shembjes s\u00eb banesave n\u00eb zon\u00ebn e 5 Majit. N\u00eb nj\u00eb postim n\u00eb rrjetet sociale, Dasho shkruan se ngritja e gishtit tregues p\u00ebrb\u00ebn nj\u00eb gjest k\u00ebrc\u00ebnues [&hellip;]<\/p>\n","protected":false},"author":2030,"featured_media":236295,"comment_status":"closed","ping_status":"closed","sticky":false,"template":"","format":"standard","meta":{"footnotes":""},"categories":[241,3366,231,1454],"tags":[],"class_list":{"0":"post-236292","1":"post","2":"type-post","3":"status-publish","4":"format-standard","5":"has-post-thumbnail","7":"category-aktualitet","8":"category-koment","9":"category-lajme","10":"category-politike"},"_links":{"self":[{"href":"https:\/\/zjarr.tv\/sq\/wp-json\/wp\/v2\/posts\/236292","targetHints":{"allow":["GET"]}}],"collection":[{"href":"https:\/\/zjarr.tv\/sq\/wp-json\/wp\/v2\/posts"}],"about":[{"href":"https:\/\/zjarr.tv\/sq\/wp-json\/wp\/v2\/types\/post"}],"author":[{"embeddable":true,"href":"https:\/\/zjarr.tv\/sq\/wp-json\/wp\/v2\/users\/2030"}],"replies":[{"embeddable":true,"href":"https:\/\/zjarr.tv\/sq\/wp-json\/wp\/v2\/comments?post=236292"}],"version-history":[{"count":0,"href":"https:\/\/zjarr.tv\/sq\/wp-json\/wp\/v2\/posts\/236292\/revisions"}],"wp:featuredmedia":[{"embeddable":true,"href":"https:\/\/zjarr.tv\/sq\/wp-json\/wp\/v2\/media\/236295"}],"wp:attachment":[{"href":"https:\/\/zjarr.tv\/sq\/wp-json\/wp\/v2\/media?parent=236292"}],"wp:term":[{"taxonomy":"category","embeddable":true,"href":"https:\/\/zjarr.tv\/sq\/wp-json\/wp\/v2\/categories?post=236292"},{"taxonomy":"post_tag","embeddable":true,"href":"https:\/\/zjarr.tv\/sq\/wp-json\/wp\/v2\/tags?post=236292"}],"curies":[{"name":"wp","href":"https:\/\/api.w.org\/{rel}","templated":true}]}}