{"id":236304,"date":"2022-02-11T14:04:02","date_gmt":"2022-02-11T13:04:02","guid":{"rendered":"https:\/\/zjarr.tv\/?p=236304"},"modified":"2022-02-11T14:04:02","modified_gmt":"2022-02-11T13:04:02","slug":"nena-liza-sa-dola-nga-takimi-me-ramen-me-thirren-nga-bashkia","status":"publish","type":"post","link":"https:\/\/zjarr.tv\/sq\/nena-liza-sa-dola-nga-takimi-me-ramen-me-thirren-nga-bashkia\/","title":{"rendered":"N\u00ebna Liza: Sa dola nga takimi me Ram\u00ebn, m\u00eb thirr\u00ebn nga Bashkia"},"content":{"rendered":"<p>N\u00ebn\u00eb Liza ka treguar prapaskenat e takimit me kryeministrin Edi Rama, dit\u00ebn e djeshme n\u00eb nj\u00eb nga zyrat e sall\u00ebs s\u00eb Kuvendit.<\/p>\n<p>N\u00eb fjal\u00ebn e saj, n\u00eb prononcimin p\u00ebr mediat, ajo tha se autoritetet e Bashkis\u00eb s\u00eb Tiran\u00ebs e kishin marr\u00eb t\u00eb mir\u00ebqen\u00eb q\u00eb do t\u00eb firmoste kontrat\u00ebn q\u00eb kishin p\u00ebrpiluar ata, duke e k\u00ebrkuar me ngulm n\u00eb zyrat e tyre.<\/p>\n<p>\u201cAsnj\u00eb premtim nuk kemi. Rama m\u00eb tha do ta japim sht\u00ebpin\u00eb.\u00a0 I thash\u00eb edhe dje, po t\u00eb ma l\u00ebn\u00eb gjysm\u00eb e nd\u00ebrtoj vet\u00eb. Nuk kam dal\u00eb p\u00ebr sevap, un\u00eb ndihmoj veten.<\/p>\n<p>Sa dol\u00ebm nga Kryeministria, m\u00eb mor\u00ebn t\u00eb Bashkis\u00eb dhe m\u00eb than\u00eb \u2018hajde se do firmos\u00ebsh kontrat\u00ebn\u2019. Fole me kryeministrin,\u201d-tha n\u00ebn\u00eb Liza n\u00eb fjal\u00ebn e saj para mediave.<\/p>\n","protected":false},"excerpt":{"rendered":"<p>N\u00ebn\u00eb Liza ka treguar prapaskenat e takimit me kryeministrin Edi Rama, dit\u00ebn e djeshme n\u00eb nj\u00eb nga zyrat e sall\u00ebs s\u00eb Kuvendit. N\u00eb fjal\u00ebn e saj, n\u00eb prononcimin p\u00ebr mediat, ajo tha se autoritetet e Bashkis\u00eb s\u00eb Tiran\u00ebs e kishin marr\u00eb t\u00eb mir\u00ebqen\u00eb q\u00eb do t\u00eb firmoste kontrat\u00ebn q\u00eb kishin p\u00ebrpiluar ata, duke e k\u00ebrkuar [&hellip;]<\/p>\n","protected":false},"author":2020,"featured_media":236305,"comment_status":"closed","ping_status":"closed","sticky":false,"template":"","format":"standard","meta":{"footnotes":""},"categories":[241,231],"tags":[],"class_list":{"0":"post-236304","1":"post","2":"type-post","3":"status-publish","4":"format-standard","5":"has-post-thumbnail","7":"category-aktualitet","8":"category-lajme"},"_links":{"self":[{"href":"https:\/\/zjarr.tv\/sq\/wp-json\/wp\/v2\/posts\/236304","targetHints":{"allow":["GET"]}}],"collection":[{"href":"https:\/\/zjarr.tv\/sq\/wp-json\/wp\/v2\/posts"}],"about":[{"href":"https:\/\/zjarr.tv\/sq\/wp-json\/wp\/v2\/types\/post"}],"author":[{"embeddable":true,"href":"https:\/\/zjarr.tv\/sq\/wp-json\/wp\/v2\/users\/2020"}],"replies":[{"embeddable":true,"href":"https:\/\/zjarr.tv\/sq\/wp-json\/wp\/v2\/comments?post=236304"}],"version-history":[{"count":0,"href":"https:\/\/zjarr.tv\/sq\/wp-json\/wp\/v2\/posts\/236304\/revisions"}],"wp:featuredmedia":[{"embeddable":true,"href":"https:\/\/zjarr.tv\/sq\/wp-json\/wp\/v2\/media\/236305"}],"wp:attachment":[{"href":"https:\/\/zjarr.tv\/sq\/wp-json\/wp\/v2\/media?parent=236304"}],"wp:term":[{"taxonomy":"category","embeddable":true,"href":"https:\/\/zjarr.tv\/sq\/wp-json\/wp\/v2\/categories?post=236304"},{"taxonomy":"post_tag","embeddable":true,"href":"https:\/\/zjarr.tv\/sq\/wp-json\/wp\/v2\/tags?post=236304"}],"curies":[{"name":"wp","href":"https:\/\/api.w.org\/{rel}","templated":true}]}}