{"id":236311,"date":"2022-02-11T14:32:39","date_gmt":"2022-02-11T13:32:39","guid":{"rendered":"https:\/\/zjarr.tv\/?p=236311"},"modified":"2022-02-11T14:32:39","modified_gmt":"2022-02-11T13:32:39","slug":"cfare-po-ndodh-damir-fazlic-serish-ne-shqiperi-biznesmeni-fotografohet-rrugeve-te-tiranes","status":"publish","type":"post","link":"https:\/\/zjarr.tv\/sq\/cfare-po-ndodh-damir-fazlic-serish-ne-shqiperi-biznesmeni-fotografohet-rrugeve-te-tiranes\/","title":{"rendered":"\u00c7far\u00eb po ndodh? Damir Fazli\u00e7 s\u00ebrish n\u00eb Shqip\u00ebri, biznesmeni fotografohet rrug\u00ebve t\u00eb Tiran\u00ebs"},"content":{"rendered":"<p>I p\u00ebrfolur se dikur vinte n\u00eb Tiran\u00eb si nj\u00eb biznesmen i madh n\u00eb fush\u00ebn e energjetik\u00ebs, tashm\u00eb serbo-boshnjaku, Damir Fazli\u00e7 ndodhet s\u00ebrish n\u00eb rrug\u00ebt e kryeqytetit shqiptar.<\/p>\n<p>\u201cBoldnews.al\u201d ka fotografuar biznesmenin Fazli\u00e7 n\u00eb bulevardin kryesor t\u00eb Tiran\u00ebs, rast\u00ebsisht pran\u00eb Ministris\u00eb s\u00eb Infrastruktur\u00ebs s\u00eb Belinda Ballukut, nj\u00eb institucion q\u00eb disa vite m\u00eb par\u00eb i mbante dyert e hapura p\u00ebr planet e tij t\u00eb investimit.<\/p>\n<p>Damir Fazli\u00e7 ka qen\u00eb shum\u00eb pran\u00eb qeverisjes s\u00eb Partis\u00eb Demokratike, deri n\u00eb vitin 2013. Ai kishte plane investimi n\u00eb fush\u00ebn energjetike n\u00eb zon\u00ebn e Porto Romanos. N\u00eb vitin 2008, Prokuroria e Tiran\u00ebs nisi nj\u00eb hetim p\u00ebr pastrim parash. Raportimet mediatike t\u00eb koh\u00ebs flasin p\u00ebr nj\u00eb plan hetimor t\u00eb prokuror\u00ebve, ku p\u00ebrfshihej nd\u00ebr t\u00eb tjera edhe pyetja e Damir Fazli\u00e7. Ai proces u mbyll me pafaj\u00ebsi p\u00ebr Fazli\u00e7. Po ashtu, n\u00eb vitin 2016, Drejtoria e P\u00ebrgjithshme e Tatimeve e kall\u00ebzoi s\u00ebrish Fazli\u00e7 p\u00ebr shmangie nga taksat n\u00eb vler\u00ebn 2 milion\u00eb euro.<\/p>\n<p>Edhe n\u00eb k\u00ebt\u00eb rast, autoritetet hetimore nuk kolauduan n\u00eb p\u00ebrgjegj\u00ebsi penale t\u00eb biznesmenit. Megjithat\u00eb, k\u00ebto goditje duket se e detyruan serbo-boshnjakun q\u00eb t\u00eb q\u00ebndroj\u00eb larg Shqip\u00ebris\u00eb, t\u00eb pakt\u00ebn p\u00ebr disa koh\u00eb.<\/p>\n<p>N\u00eb nj\u00eb intervist\u00eb t\u00eb publikuar n\u00eb median shqiptare n\u00eb vitin 2018, Fazli\u00e7 ka deklaruar se ka q\u00ebndruar larg Shqip\u00ebris\u00eb, p\u00ebr shkak t\u00eb impenjimeve t\u00eb tij, por se e do shum\u00eb vendin ton\u00eb dhe do t\u00eb rikthehet.<\/p>\n<p>N\u00eb at\u00eb intervist\u00eb, Fazli\u00e7 kishte shum\u00eb kritika p\u00ebr Lulzim Bash\u00ebn, t\u00eb cilin e konsideronte si shkaktar t\u00eb disfatave politike t\u00eb opozit\u00ebs.<\/p>\n","protected":false},"excerpt":{"rendered":"<p>I p\u00ebrfolur se dikur vinte n\u00eb Tiran\u00eb si nj\u00eb biznesmen i madh n\u00eb fush\u00ebn e energjetik\u00ebs, tashm\u00eb serbo-boshnjaku, Damir Fazli\u00e7 ndodhet s\u00ebrish n\u00eb rrug\u00ebt e kryeqytetit shqiptar. \u201cBoldnews.al\u201d ka fotografuar biznesmenin Fazli\u00e7 n\u00eb bulevardin kryesor t\u00eb Tiran\u00ebs, rast\u00ebsisht pran\u00eb Ministris\u00eb s\u00eb Infrastruktur\u00ebs s\u00eb Belinda Ballukut, nj\u00eb institucion q\u00eb disa vite m\u00eb par\u00eb i mbante dyert [&hellip;]<\/p>\n","protected":false},"author":2020,"featured_media":236312,"comment_status":"closed","ping_status":"closed","sticky":false,"template":"","format":"standard","meta":{"footnotes":""},"categories":[241,5380],"tags":[],"class_list":{"0":"post-236311","1":"post","2":"type-post","3":"status-publish","4":"format-standard","5":"has-post-thumbnail","7":"category-aktualitet","8":"category-kryesore"},"_links":{"self":[{"href":"https:\/\/zjarr.tv\/sq\/wp-json\/wp\/v2\/posts\/236311","targetHints":{"allow":["GET"]}}],"collection":[{"href":"https:\/\/zjarr.tv\/sq\/wp-json\/wp\/v2\/posts"}],"about":[{"href":"https:\/\/zjarr.tv\/sq\/wp-json\/wp\/v2\/types\/post"}],"author":[{"embeddable":true,"href":"https:\/\/zjarr.tv\/sq\/wp-json\/wp\/v2\/users\/2020"}],"replies":[{"embeddable":true,"href":"https:\/\/zjarr.tv\/sq\/wp-json\/wp\/v2\/comments?post=236311"}],"version-history":[{"count":0,"href":"https:\/\/zjarr.tv\/sq\/wp-json\/wp\/v2\/posts\/236311\/revisions"}],"wp:featuredmedia":[{"embeddable":true,"href":"https:\/\/zjarr.tv\/sq\/wp-json\/wp\/v2\/media\/236312"}],"wp:attachment":[{"href":"https:\/\/zjarr.tv\/sq\/wp-json\/wp\/v2\/media?parent=236311"}],"wp:term":[{"taxonomy":"category","embeddable":true,"href":"https:\/\/zjarr.tv\/sq\/wp-json\/wp\/v2\/categories?post=236311"},{"taxonomy":"post_tag","embeddable":true,"href":"https:\/\/zjarr.tv\/sq\/wp-json\/wp\/v2\/tags?post=236311"}],"curies":[{"name":"wp","href":"https:\/\/api.w.org\/{rel}","templated":true}]}}