{"id":236314,"date":"2022-02-11T14:43:46","date_gmt":"2022-02-11T13:43:46","guid":{"rendered":"https:\/\/zjarr.tv\/?p=236314"},"modified":"2022-02-11T14:43:46","modified_gmt":"2022-02-11T13:43:46","slug":"zbulohen-emrat-belinda-balluku-del-kunder-ps-berisha-dhe-perkrahesit-e-tij-nuk-votojne-vetingun-e-kerkuar-nga-shba-e-be-si-u-ndane-qendrimet-per-ndryshimet-kushtetuese","status":"publish","type":"post","link":"https:\/\/zjarr.tv\/sq\/zbulohen-emrat-belinda-balluku-del-kunder-ps-berisha-dhe-perkrahesit-e-tij-nuk-votojne-vetingun-e-kerkuar-nga-shba-e-be-si-u-ndane-qendrimet-per-ndryshimet-kushtetuese\/","title":{"rendered":"Zbulohen emrat\/ Belinda Balluku del \u201ckund\u00ebr\u201d PS, Berisha dhe p\u00ebrkrah\u00ebsit e tij nuk votojn\u00eb Vetingun e k\u00ebrkuar nga SHBA e BE ! Si u ndan\u00eb q\u00ebndrimet p\u00ebr ndryshimet Kushtetuese"},"content":{"rendered":"<p>Parlamenti ka miratuar nj\u00eb dit\u00eb m\u00eb par\u00eb ndryshimet Kushtetuese p\u00ebr zgjatjen e afatit t\u00eb institucioneve t\u00eb vetingut. PS dhe PD bashkuan votat dhe miratuar me 118 vota pro, 4 vota abstenim propozimin e maxhoranc\u00ebs p\u00ebr t\u00eb zgjatur afatin e vetingut p\u00ebr institucionet, Kolegji i Posa\u00e7\u00ebm i Apelimit, Komisionin e Pavarur t\u00eb Kualifikimit si dhe Komisionerin Publik.<\/p>\n<p>Gazeta Panorama.al ka zbardhur dhe list\u00ebn e deputet\u00ebve t\u00eb cil\u00ebt dol\u00ebn kund\u00ebr ndryshimeve Kushtetuese, t\u00eb cilat u p\u00ebrkrah\u00ebn nga SHBA-t\u00eb dhe BE.<\/p>\n<p>Balluku-PS<\/p>\n<p>Ajo q\u00eb bie n\u00eb sy \u00ebsht\u00eb fakti se nga radh\u00ebt e PS, ministrja e Energjitik\u00ebs dhe Infrastruktur\u00ebs, Belinda Balluku nuk ka votuar p\u00ebr zgjatjen e afatit t\u00eb organeve t\u00eb vetingut. Balluku duket se nuk ka votuar vet\u00ebm p\u00ebr ndryshimet Kushtetuese, nd\u00ebrsa dy nismat e tjera n\u00eb axhend\u00eb i ka votuar pro.<\/p>\n<p>Nd\u00ebrkoh\u00eb q\u00eb lista pason me Sali Berish\u00ebn q\u00eb ka qen\u00eb prezant gjat\u00eb seanc\u00ebs, por nuk ka votuar, po ashtu n\u00eb list\u00eb jan\u00eb dhe p\u00ebrkrah\u00ebsit e tij, si Oerd Bylykbashi, Albana Vokshi, Belind K\u00eblli\u00e7i, Flamur Noka etj.<\/p>\n<p>Nga radh\u00ebt e p\u00ebrkrah\u00ebsve t\u00eb Sali Berish\u00ebs duhet se Isuf \u00c7ela ka votaur abstenim, nd\u00ebrsa Edi Paloka nuk \u00ebsht\u00eb paraqitur fare n\u00eb seanc\u00eb. Mes votave bie n\u00eb sy dhe tre votat e LSI, t\u00eb cilat u hodh\u00ebn \u2018t\u00eb bardha\u2019 pra abstenim. Monika Kryemadhi, Petrit Vasili dhe Erisa Xhixho ishin abstenimet, kurse\u00a0 Agron \u00c7ela doli nga rreshti dhe votoi pro zgjatjes s\u00eb afatit t\u00eb vetingut.<\/p>\n<p>Ishin, por nuk votuan<\/p>\n<p>Sali Berisha Belinda Balluku (PS) Luan Ba\u00e7i Lu\u00e7iano Bo\u00e7i Oerd Bylykbashi<\/p>\n<p>Belind K\u00eblli\u00e7i Sorina Koti Bujar Leskaj Flamur Noka Edmond Spaho<\/p>\n<p>Agron Shehaj Tritan Shehu Albana Vokshi SaliBErisha nuk voton Abstenim<\/p>\n<p>Monika Kryemadhi- LSI Petrit Vasili- LSI Erisa Xhixho- LSI Isuf \u00c7ela \u2013 PD<\/p>\n<p>Nuk ishin fare n\u00eb seanc\u00eb<\/p>\n<p>Edi Paloka, mungon Flutura A\u00e7ka, mungon Tomor Alizoti, mungon<\/p>\n","protected":false},"excerpt":{"rendered":"<p>Parlamenti ka miratuar nj\u00eb dit\u00eb m\u00eb par\u00eb ndryshimet Kushtetuese p\u00ebr zgjatjen e afatit t\u00eb institucioneve t\u00eb vetingut. PS dhe PD bashkuan votat dhe miratuar me 118 vota pro, 4 vota abstenim propozimin e maxhoranc\u00ebs p\u00ebr t\u00eb zgjatur afatin e vetingut p\u00ebr institucionet, Kolegji i Posa\u00e7\u00ebm i Apelimit, Komisionin e Pavarur t\u00eb Kualifikimit si dhe Komisionerin [&hellip;]<\/p>\n","protected":false},"author":2020,"featured_media":236315,"comment_status":"closed","ping_status":"closed","sticky":false,"template":"","format":"standard","meta":{"footnotes":""},"categories":[241,5380,231],"tags":[],"class_list":{"0":"post-236314","1":"post","2":"type-post","3":"status-publish","4":"format-standard","5":"has-post-thumbnail","7":"category-aktualitet","8":"category-kryesore","9":"category-lajme"},"_links":{"self":[{"href":"https:\/\/zjarr.tv\/sq\/wp-json\/wp\/v2\/posts\/236314","targetHints":{"allow":["GET"]}}],"collection":[{"href":"https:\/\/zjarr.tv\/sq\/wp-json\/wp\/v2\/posts"}],"about":[{"href":"https:\/\/zjarr.tv\/sq\/wp-json\/wp\/v2\/types\/post"}],"author":[{"embeddable":true,"href":"https:\/\/zjarr.tv\/sq\/wp-json\/wp\/v2\/users\/2020"}],"replies":[{"embeddable":true,"href":"https:\/\/zjarr.tv\/sq\/wp-json\/wp\/v2\/comments?post=236314"}],"version-history":[{"count":0,"href":"https:\/\/zjarr.tv\/sq\/wp-json\/wp\/v2\/posts\/236314\/revisions"}],"wp:featuredmedia":[{"embeddable":true,"href":"https:\/\/zjarr.tv\/sq\/wp-json\/wp\/v2\/media\/236315"}],"wp:attachment":[{"href":"https:\/\/zjarr.tv\/sq\/wp-json\/wp\/v2\/media?parent=236314"}],"wp:term":[{"taxonomy":"category","embeddable":true,"href":"https:\/\/zjarr.tv\/sq\/wp-json\/wp\/v2\/categories?post=236314"},{"taxonomy":"post_tag","embeddable":true,"href":"https:\/\/zjarr.tv\/sq\/wp-json\/wp\/v2\/tags?post=236314"}],"curies":[{"name":"wp","href":"https:\/\/api.w.org\/{rel}","templated":true}]}}