{"id":236317,"date":"2022-02-11T14:52:41","date_gmt":"2022-02-11T13:52:41","guid":{"rendered":"https:\/\/zjarr.tv\/?p=236317"},"modified":"2022-02-11T15:04:09","modified_gmt":"2022-02-11T14:04:09","slug":"zgjatja-e-afateve-te-vetingut-isufi-opozita-ka-qendrime-te-dyshimta-deklaratat-e-tyre-patetike","status":"publish","type":"post","link":"https:\/\/zjarr.tv\/sq\/zgjatja-e-afateve-te-vetingut-isufi-opozita-ka-qendrime-te-dyshimta-deklaratat-e-tyre-patetike\/","title":{"rendered":"Zgjatja e afateve t\u00eb vetingut, Isufi: Opozita ka q\u00ebndrime t\u00eb dyshimta, deklaratat e tyre patetike"},"content":{"rendered":"<p>Sot n\u00eb studion e Faxnews ishte i ftuar analisti Ardian Isufi, i cili foli n\u00eb lidhje me zgjatjen e afateve t\u00eb Vetingut q\u00eb u votua dje n\u00eb parlament me 118 vota pro, me bashkimin e votave t\u00eb opozit\u00ebs dhe mazhoranc\u00ebs. Ai tha se duhet t\u00eb jepet nj\u00eb arsye se p\u00ebrse po zgjatet ky proces.<\/p>\n<p>\u201cPadyshim ka nj\u00eb anomali sa i p\u00ebrket opozit\u00ebs, po shkon n\u00eb hullin\u00eb e pozit\u00ebs. N\u00ebse deri dje kishte nj\u00eb arsyetim p\u00ebr procesin e Vetingut, ku nj\u00eb nga q\u00ebndrimet ka qen\u00eb kapja nga shteti, sot mungon kjo analiz\u00eb. C\u00ebshtja \u00ebsht\u00eb ky institucion, pse \u00ebsht\u00eb kaq i ngadal\u00ebsuar? Dhe gjith\u00eb kjo analiz\u00eb mungon e kemi kaluar n\u00eb batuta se sa tek e mira publike, te analiza e vetingut q\u00eb duhet ber\u00eb n\u00eb komisionet parlamentere, n\u00eb Kuvend. Duheshin nje gam\u00eb e gjer\u00eb ekspertesh per analiz\u00ebn e vetingut.<\/p>\n<p>T\u00eb shohim pse zgjatet dhe ku ka ngecur ky proces. Ngadal\u00ebsimi vjen nga klientelizmi qe ka brenda saj, ku edhe partner\u00ebt nd\u00ebrkomb\u00ebtar\u00eb, duhet t\u00eb ishin pjes\u00eb e analiz\u00ebs se sa vet\u00eb deklarat\u00ebs. Kemi par\u00eb dje opozit\u00ebn ne Kuvend. Opozita ka hyr\u00eb n\u00eb anomali t\u00eb qendrimit. Ka disa pista t\u00eb q\u00ebndrimeve te djeshme t\u00eb dyshimta t\u00eb opozit\u00ebs. Edhe dje Sali Berisha \u00ebsht\u00eb marr\u00eb m\u00eb shim\u00eb me Bash\u00ebn se vetingun. Duhet nj\u00eb p\u00ebrgatitje e grupeve parlamentare. Shoq\u00ebria shqiptare s\u2019\u00ebsht\u00eb informuar p\u00ebr procesin se sa deklaratat patetike\u201d\u2013 u shpreh analisti n\u00eb studion e Faxnews.<\/p>\n<p>Nd\u00ebrkaq ai \u00ebsht\u00eb pyetur edhe n\u00eb lidhje me mb\u00ebrritjen e prokuror\u00ebve belg, duke th\u00ebn\u00eb se \u00ebsht\u00eb nj\u00eb lajm i mir\u00eb nd\u00ebrsa Lulzim Basha duhet t\u00eb jap\u00eb nj\u00eb deklatarat\u00eb m\u00eb t\u00eb thell\u00eb n\u00eb lidhje me \u00e7\u00ebshtjen. Prokuror\u00ebt belg , lajm i mir\u00eb? \u201cLajm i mir\u00eb par\u00eb nga jasht\u00eb. Argumentimi q\u00eb ka pasur Basha, shum\u00eb skematik. Prokuroria blege nuk \u00ebsht\u00eb e qart\u00eb rreth informacioneve. Padyshim dh\u00ebnia e k\u00ebtij informacioni \u00ebsht\u00eb i damosdosh\u00ebm por forma l\u00eb p\u00ebr t\u00eb dashiruar.<\/p>\n<p>Prokuroria belge do informacion t\u00eb thell\u00eb. Krijon nj\u00eb analiz\u00eb t\u00eb thelle p\u00ebr informalitetin, ardhjen e parave t\u00eb pista. Diskutimi duhet t\u00eb jet\u00eb i thell\u00eb. Lulzim Basha duhet t\u00eb jepte nj\u00eb shpjegim m\u00eb t\u00eb thell\u00eb\u201d- shtoi ai.<\/p>\n","protected":false},"excerpt":{"rendered":"<p>Sot n\u00eb studion e Faxnews ishte i ftuar analisti Ardian Isufi, i cili foli n\u00eb lidhje me zgjatjen e afateve t\u00eb Vetingut q\u00eb u votua dje n\u00eb parlament me 118 vota pro, me bashkimin e votave t\u00eb opozit\u00ebs dhe mazhoranc\u00ebs. Ai tha se duhet t\u00eb jepet nj\u00eb arsye se p\u00ebrse po zgjatet ky proces. \u201cPadyshim [&hellip;]<\/p>\n","protected":false},"author":2020,"featured_media":236322,"comment_status":"closed","ping_status":"closed","sticky":false,"template":"","format":"standard","meta":{"footnotes":""},"categories":[241,5380,231],"tags":[],"class_list":{"0":"post-236317","1":"post","2":"type-post","3":"status-publish","4":"format-standard","5":"has-post-thumbnail","7":"category-aktualitet","8":"category-kryesore","9":"category-lajme"},"_links":{"self":[{"href":"https:\/\/zjarr.tv\/sq\/wp-json\/wp\/v2\/posts\/236317","targetHints":{"allow":["GET"]}}],"collection":[{"href":"https:\/\/zjarr.tv\/sq\/wp-json\/wp\/v2\/posts"}],"about":[{"href":"https:\/\/zjarr.tv\/sq\/wp-json\/wp\/v2\/types\/post"}],"author":[{"embeddable":true,"href":"https:\/\/zjarr.tv\/sq\/wp-json\/wp\/v2\/users\/2020"}],"replies":[{"embeddable":true,"href":"https:\/\/zjarr.tv\/sq\/wp-json\/wp\/v2\/comments?post=236317"}],"version-history":[{"count":0,"href":"https:\/\/zjarr.tv\/sq\/wp-json\/wp\/v2\/posts\/236317\/revisions"}],"wp:featuredmedia":[{"embeddable":true,"href":"https:\/\/zjarr.tv\/sq\/wp-json\/wp\/v2\/media\/236322"}],"wp:attachment":[{"href":"https:\/\/zjarr.tv\/sq\/wp-json\/wp\/v2\/media?parent=236317"}],"wp:term":[{"taxonomy":"category","embeddable":true,"href":"https:\/\/zjarr.tv\/sq\/wp-json\/wp\/v2\/categories?post=236317"},{"taxonomy":"post_tag","embeddable":true,"href":"https:\/\/zjarr.tv\/sq\/wp-json\/wp\/v2\/tags?post=236317"}],"curies":[{"name":"wp","href":"https:\/\/api.w.org\/{rel}","templated":true}]}}