{"id":236321,"date":"2022-02-11T15:10:10","date_gmt":"2022-02-11T14:10:10","guid":{"rendered":"https:\/\/zjarr.tv\/?p=236321"},"modified":"2022-02-11T15:10:10","modified_gmt":"2022-02-11T14:10:10","slug":"reforma-e-deshtuar-e-drejtesise-vasili-pas-deklarates-se-eurodeputetes-prononcim-shume-objektiv-dhe-parimor","status":"publish","type":"post","link":"https:\/\/zjarr.tv\/sq\/reforma-e-deshtuar-e-drejtesise-vasili-pas-deklarates-se-eurodeputetes-prononcim-shume-objektiv-dhe-parimor\/","title":{"rendered":"Reforma e d\u00ebshtuar e drejt\u00ebsis\u00eb , Vasili pas deklarat\u00ebs s\u00eb Eurodeputetes: Prononcim shum\u00eb objektiv dhe parimor"},"content":{"rendered":"<p>N\u00ebnkryetari i LSI Petrit Vasili ka reaguar pas publikimit n\u00eb media t\u00eb deklarat\u00ebs s\u00eb Eurodeputetes gjermane Viola Von Cramon-Taubadel p\u00ebr vetingun n\u00eb sistemin e drejt\u00ebsis\u00eb n\u00eb Shqiperi.<\/p>\n<p>Ai ka sjell\u00eb n\u00eb shenimin e tij nj\u00eb reagim t\u00eb dy vjet\u00ebve m\u00eb par\u00eb n\u00eb lidhje me k\u00ebt\u00eb \u00e7eshtje dhe ku e quante t\u00eb pavend vetingun dhe t\u00eb papranuar n\u00eb Kosov\u00eb dhe Maqedoni dhe shtronte pyetjen se pse Shqip\u00ebria u p\u00ebrdor si vend eksperimental?<\/p>\n<p><strong>Ja postimi i plot\u00eb i Vasilit.<\/strong><\/p>\n<p>Sapo lexova prononcimin shume objektiv dhe parimor te Eurodeputetes gjermane Viola Von Cramon-Taubadel per Vetingun ne Shqiperi. Te nderuar miq po ju risjell edhe nje here shenimin tim ne FB te dy vjeteve me pare ne 23 janar 2020. \u201d Vetingu i pavend dhe papranuar n\u00eb Kosov\u00eb dhe Maqedoni, po pse Shqip\u00ebria u p\u00ebrdor si vend eksperimental?<\/p>\n<p>Vetingu i konsideruar i pavend dhe i papranuar ne Maqedoni dhe se fundmi ne Kosove u imponua fort ne Shqiperi edhe duke neglizhuar dhe anashkaluar shqetesinet madhore te Komisionit te Venecias per rreziqet e medha te Vetingut. Keto rreziqe u provuan katercperisht.<\/p>\n<p>Shqiperia thjesht u perdor si nje vend per eksperimente. Po ju sjell me poshte qendrimet per Vetingun ne drejtesi ne Kosove dhe Maqedoni sipas partnereve nderkombetare te ketyre vendeve. Sot Z\u00ebvend\u00ebs-ndihm\u00ebs sekretari i ShBA-s\u00eb, Jorgen Andre\u00ebs n\u00eb sesionin e diskutimit lidhur me rolin e shoq\u00ebris\u00eb civile n\u00eb sistemin e drejt\u00ebsis\u00eb, i organizuar nga Instituti i Kosov\u00ebs p\u00ebr Drejt\u00ebsi (IKD) n\u00eb bashk\u00ebpunim me Ambasad\u00ebn Amerikane n\u00eb Prishtin\u00eb.<\/p>\n<p>\u201cProcesi i vettingut ka rreziqe dhe sfida t\u00eb ndryshme dhe se Kosova duhet ta zhvilloj\u00eb vetvetiu mekanizmin q\u00eb ta sanksionoj\u00eb jurist\u00ebt, prokuror\u00ebt, gjykat\u00ebsit t\u00eb cil\u00ebt nuk sill\u00ebn sipas etik\u00ebs s\u00eb standardeve.\u201d Pak jave me pare Ambasadori i BE-s\u00eb n\u00eb Shkup, Samuel Zbogar e ka deklaruar te panevojshem Vetingun ne drejtesi dhe ka thene: \u201cQ\u00ebndrimi jon\u00eb \u00ebsht\u00eb i qart\u00eb, ne mb\u00ebshtesim p\u00ebrmir\u00ebsimin e gjykat\u00ebs nga brenda. Vetingu gjithmon\u00eb \u00ebsht\u00eb opsioni i fundit.<\/p>\n<p>P\u00ebr vetingun ka nj\u00eb parakusht, \u00ebsht\u00eb konsensusi i t\u00eb gjitha pal\u00ebve politike, ajo \u00ebsht\u00eb zgjidhja e fundit dhe p\u00ebr momentin nuk shoh se ka nevoj\u00eb p\u00ebr nj\u00eb gj\u00eb t\u00eb till\u00eb.\u201d T\u00eb nj\u00ebjt\u00ebn gje ka deklaruar edhe vet\u00eb kryeministri Zoran Zaev: \u201cMe t\u00eb v\u00ebrtet\u00eb nuk \u00ebsht\u00eb momenti p\u00ebr veting. gjyq\u00ebsori jon\u00eb.K\u00ebshtu q\u00eb, ne filluam proces t\u00eb pastrimit t\u00eb gjyq\u00ebsorit dhe nuk duhet ta p\u00ebrdorim termin \u201cveting\u201d, n\u00ebse \u00ebsht\u00eb veting, duhet t\u00eb radhitemi pas Shqip\u00ebris\u00eb, t\u00eb presim t\u00eb kalojm\u00eb. Me te v\u00ebrtet\u00eb, s\u2019kemi nevoj\u00eb p\u00ebr k\u00ebt\u00eb,\u201d\u2013 tha Zaev.<\/p>\n","protected":false},"excerpt":{"rendered":"<p>N\u00ebnkryetari i LSI Petrit Vasili ka reaguar pas publikimit n\u00eb media t\u00eb deklarat\u00ebs s\u00eb Eurodeputetes gjermane Viola Von Cramon-Taubadel p\u00ebr vetingun n\u00eb sistemin e drejt\u00ebsis\u00eb n\u00eb Shqiperi. Ai ka sjell\u00eb n\u00eb shenimin e tij nj\u00eb reagim t\u00eb dy vjet\u00ebve m\u00eb par\u00eb n\u00eb lidhje me k\u00ebt\u00eb \u00e7eshtje dhe ku e quante t\u00eb pavend vetingun dhe t\u00eb [&hellip;]<\/p>\n","protected":false},"author":2020,"featured_media":236323,"comment_status":"closed","ping_status":"closed","sticky":false,"template":"","format":"standard","meta":{"footnotes":""},"categories":[241,5380],"tags":[],"class_list":{"0":"post-236321","1":"post","2":"type-post","3":"status-publish","4":"format-standard","5":"has-post-thumbnail","7":"category-aktualitet","8":"category-kryesore"},"_links":{"self":[{"href":"https:\/\/zjarr.tv\/sq\/wp-json\/wp\/v2\/posts\/236321","targetHints":{"allow":["GET"]}}],"collection":[{"href":"https:\/\/zjarr.tv\/sq\/wp-json\/wp\/v2\/posts"}],"about":[{"href":"https:\/\/zjarr.tv\/sq\/wp-json\/wp\/v2\/types\/post"}],"author":[{"embeddable":true,"href":"https:\/\/zjarr.tv\/sq\/wp-json\/wp\/v2\/users\/2020"}],"replies":[{"embeddable":true,"href":"https:\/\/zjarr.tv\/sq\/wp-json\/wp\/v2\/comments?post=236321"}],"version-history":[{"count":0,"href":"https:\/\/zjarr.tv\/sq\/wp-json\/wp\/v2\/posts\/236321\/revisions"}],"wp:featuredmedia":[{"embeddable":true,"href":"https:\/\/zjarr.tv\/sq\/wp-json\/wp\/v2\/media\/236323"}],"wp:attachment":[{"href":"https:\/\/zjarr.tv\/sq\/wp-json\/wp\/v2\/media?parent=236321"}],"wp:term":[{"taxonomy":"category","embeddable":true,"href":"https:\/\/zjarr.tv\/sq\/wp-json\/wp\/v2\/categories?post=236321"},{"taxonomy":"post_tag","embeddable":true,"href":"https:\/\/zjarr.tv\/sq\/wp-json\/wp\/v2\/tags?post=236321"}],"curies":[{"name":"wp","href":"https:\/\/api.w.org\/{rel}","templated":true}]}}