{"id":236325,"date":"2022-02-11T15:20:11","date_gmt":"2022-02-11T14:20:11","guid":{"rendered":"https:\/\/zjarr.tv\/?p=236325"},"modified":"2022-02-11T15:20:11","modified_gmt":"2022-02-11T14:20:11","slug":"rama-tallet-me-bashen-bushati-vetting-u-veper-e-bashimbozukeve-te-rilindjes","status":"publish","type":"post","link":"https:\/\/zjarr.tv\/sq\/rama-tallet-me-bashen-bushati-vetting-u-veper-e-bashimbozukeve-te-rilindjes\/","title":{"rendered":"\u201cRama tallet me Bash\u00ebn,\u201d, Bushati: Vetting-u, vep\u00ebr e bashimbozuk\u00ebve t\u00eb Rilindjes"},"content":{"rendered":"<p>Analisti Andi Bushati n\u00eb panelin e t\u00eb ftuarve n\u00eb Open n\u00eb vijim t\u00eb diskutimeve p\u00ebr shtyrjen e mandatit t\u00eb Vetting-ut, tha se Vetting-u \u00ebsht\u00eb vep\u00ebr e bashimbozuk\u00ebve t\u00eb Rilindjes.<\/p>\n<p>Sipas tij nuk kan\u00eb t\u00eb b\u00ebjn\u00eb amerikan\u00ebt<\/p>\n<p>\u201cUn\u00eb nuk pranoj q\u00eb Vetting-u \u00ebsht\u00eb amerikan, \u00ebsht\u00eb me bashimbozuk\u00ebt e Rilindjes. Shumica e shqiptar\u00ebve q\u00eb b\u00ebjn\u00eb sht\u00ebpi pa leje vendosin flamur amerikan, por kjo s\u2019do me th\u00ebn\u00eb q\u00eb \u00ebsht\u00eb vep\u00ebr e amerikan\u00ebve.<\/p>\n<p>A merremi me legen\u00ebt tan\u00eb dhe l\u00ebm\u00eb t\u00eb huajt? Ata tallen me Bash\u00ebn, Basha tallet me t\u00eb vet\u00ebt dhe i thot\u00eb kapa dy komisione dhe 4 vila. Rama tallet me Bash\u00ebn,\u201d tha Bushati.<\/p>\n","protected":false},"excerpt":{"rendered":"<p>Analisti Andi Bushati n\u00eb panelin e t\u00eb ftuarve n\u00eb Open n\u00eb vijim t\u00eb diskutimeve p\u00ebr shtyrjen e mandatit t\u00eb Vetting-ut, tha se Vetting-u \u00ebsht\u00eb vep\u00ebr e bashimbozuk\u00ebve t\u00eb Rilindjes. Sipas tij nuk kan\u00eb t\u00eb b\u00ebjn\u00eb amerikan\u00ebt \u201cUn\u00eb nuk pranoj q\u00eb Vetting-u \u00ebsht\u00eb amerikan, \u00ebsht\u00eb me bashimbozuk\u00ebt e Rilindjes. Shumica e shqiptar\u00ebve q\u00eb b\u00ebjn\u00eb sht\u00ebpi pa [&hellip;]<\/p>\n","protected":false},"author":2020,"featured_media":236326,"comment_status":"closed","ping_status":"closed","sticky":false,"template":"","format":"standard","meta":{"footnotes":""},"categories":[241,5380,231],"tags":[],"class_list":{"0":"post-236325","1":"post","2":"type-post","3":"status-publish","4":"format-standard","5":"has-post-thumbnail","7":"category-aktualitet","8":"category-kryesore","9":"category-lajme"},"_links":{"self":[{"href":"https:\/\/zjarr.tv\/sq\/wp-json\/wp\/v2\/posts\/236325","targetHints":{"allow":["GET"]}}],"collection":[{"href":"https:\/\/zjarr.tv\/sq\/wp-json\/wp\/v2\/posts"}],"about":[{"href":"https:\/\/zjarr.tv\/sq\/wp-json\/wp\/v2\/types\/post"}],"author":[{"embeddable":true,"href":"https:\/\/zjarr.tv\/sq\/wp-json\/wp\/v2\/users\/2020"}],"replies":[{"embeddable":true,"href":"https:\/\/zjarr.tv\/sq\/wp-json\/wp\/v2\/comments?post=236325"}],"version-history":[{"count":0,"href":"https:\/\/zjarr.tv\/sq\/wp-json\/wp\/v2\/posts\/236325\/revisions"}],"wp:featuredmedia":[{"embeddable":true,"href":"https:\/\/zjarr.tv\/sq\/wp-json\/wp\/v2\/media\/236326"}],"wp:attachment":[{"href":"https:\/\/zjarr.tv\/sq\/wp-json\/wp\/v2\/media?parent=236325"}],"wp:term":[{"taxonomy":"category","embeddable":true,"href":"https:\/\/zjarr.tv\/sq\/wp-json\/wp\/v2\/categories?post=236325"},{"taxonomy":"post_tag","embeddable":true,"href":"https:\/\/zjarr.tv\/sq\/wp-json\/wp\/v2\/tags?post=236325"}],"curies":[{"name":"wp","href":"https:\/\/api.w.org\/{rel}","templated":true}]}}