{"id":236332,"date":"2022-02-11T15:39:15","date_gmt":"2022-02-11T14:39:15","guid":{"rendered":"https:\/\/zjarr.tv\/?p=236332"},"modified":"2022-02-11T15:39:15","modified_gmt":"2022-02-11T14:39:15","slug":"arrestimi-i-dy-ministrave-te-rames-rrezikonmund-te-dalin-dhe-2-te-tjere-ngjela-40-e-gjyqesorit-jane-ne-liste-per-tu-hequr","status":"publish","type":"post","link":"https:\/\/zjarr.tv\/sq\/arrestimi-i-dy-ministrave-te-rames-rrezikonmund-te-dalin-dhe-2-te-tjere-ngjela-40-e-gjyqesorit-jane-ne-liste-per-tu-hequr\/","title":{"rendered":"\u201cArrestimi i dy ministrave t\u00eb Ram\u00ebs rrezikon\u2026mund t\u00eb dalin dhe 2 t\u00eb tjer\u00eb\u201d- Ngjela: 40% e gjyq\u00ebsorit jan\u00eb n\u00eb list\u00eb p\u00ebr t\u2019u hequr"},"content":{"rendered":"<p>Avokati Spartak Ngjela tha se \u00ebsht\u00eb domosdoshm\u00ebri juridike zgjatja e mandatit t\u00eb vetingut. Duhet t\u00eb pranojm\u00eb q\u00eb ka mbaruar m\u00eb shum\u00eb se gjysma e personelit e jan\u00eb eleminuar rreth 500 gjyqtar\u00eb e prokuror\u00eb p\u00ebr korrupsion. Mos t\u00eb duket pak?<\/p>\n<p>K\u00ebtu kishte nj\u00eb gj\u00eb q\u00eb shqiptar\u00ebt nuk ishin t\u00eb p\u00ebrgatitur. ONM, jan\u00eb skrupuloz\u00eb per\u00ebndimor\u00ebt e i shkojn\u00eb shum\u00eb gjat\u00eb hetimit t\u00eb dosjeve se pavar\u00ebsisht q\u00eb t\u00eb kapin shum\u00ebn, nuk e din\u00eb e justifikon dot ti shum\u00ebn apo jo, vijojn\u00eb hetimin dhe p\u00ebr an\u00ebn profesinale dhe morale, p\u00ebr an\u00ebn profesionale do shikonin dosjet, sa \u00ebsht\u00eb niveli i tyre profesional. Shumica nuk pati mund\u00ebsi t\u00eb shkonte deri tek mendimi p\u00ebr an\u00ebn profesionale se nuk justifikonin dot pasurin\u00eb. Ata e b\u00ebn\u00eb me studim dhe studimi i dosjeve i h\u00ebngri shum\u00eb koh\u00eb ONM.<\/p>\n<p>Nuk kan\u00eb dor\u00eb shqiptar\u00ebt aty. Aq sa kan\u00eb dhe n\u00eb SPAK, nuk kan\u00eb dor\u00eb shqiptar\u00ebt as n\u00eb SPAK, pra k\u00ebtu nuk flitet p\u00ebr pazar politk, ka forc\u00eb politike t\u00eb ushtruar nga Uashingtoni dhe k\u00ebtu ndodhi q\u00eb mesa vura re, sjellja e t\u00eb dy pal\u00ebve ishte me tr\u00ebmbje. Pal\u00ebve q\u00eb votan sjellja ishte me l\u00ebkundje k\u00ebshtu mu duk mua. Ose PS \u00ebsht\u00eb vonuar deri sa t\u00eb mbaronte reforma n\u00eb PD, mund t\u00eb jet\u00eb edhe kjo.<\/p>\n<p>Ardhja e Bash\u00ebs me forc\u00ebn e politk\u00ebs amerikane dhe mb\u00ebshtetjen e politik\u00ebs amerikane sigurisht q\u00eb do votonte pro, kurse ata grupi i Saliut q\u00eb ka vet\u00ebm dajren e daullen s\u2019ka t\u00eb tjera i ra dajres e daulles kot se nuk prishinin dot pun\u00eb orkestrimit t\u00eb madh\u201c, u shpreh Ngjela n\u00eb emisionin \u201cPikat mbi i\u201d n\u00eb News 24.Duhet t\u00eb mbaroj\u00eb vetingu gjyq\u00ebsor q\u00eb t\u00eb nis\u00eb vetingu i politik\u00ebs, se k\u00ebta jan\u00eb t\u00eb korruptuar, e din\u00eb ata e kap\u00ebn e kapi ekspertiza amerikane e kishte eksperimentuar dhe n\u00eb Kroaci.<\/p>\n<p>Bullgari e Rumania shp\u00ebtuan fitoi korrupsioni i fut\u00ebn n\u00eb BE pa b\u00ebr\u00eb pastrimin kurse k\u00ebtu than\u00eb do b\u00ebjm\u00eb pastrimin pastaj BE. N\u00eb Rumani b\u00ebn\u00eb eksperimentin dhe k\u00ebtu erdhi m\u00eb e fort\u00eb se k\u00ebtu ka SPAK\u201d, u shpreh Ngjela. Ngjela nd\u00ebr t\u00eb tjera tha se arrestimi i dy ish ministrave t\u00eb qeveris\u00eb Rama rrezikojn\u00eb kryeministrin. \u201cAi ishte i trembur ka t\u00eb drejt\u00eb. Jan\u00eb dy ministra t\u00eb Ram\u00ebs n\u00eb arrest p\u00ebr korrupsion. T\u00eb cil\u00ebt rrezikojn\u00eb Ram\u00ebn. Un\u00eb nuk di Rama mund t\u00eb ket\u00eb mbrojtje t\u00eb mir\u00eb por e rrezikojn\u00eb, mund t\u00eb dalin e dy t\u00eb tjer\u00eb.<\/p>\n<p>Kjo \u00ebsht\u00eb pika A. Pika B ish kryeministri Sali Berisha, jan\u00eb n\u00eb rrezik t\u00eb dy, ish kryeministri dhe ministri, jua jap profesionalisht.Si do dalin provat se korrupsini po avancon dhe ata nuk e lan\u00eb gjykat\u00ebn q\u00eb t\u00eb ngelej pa b\u00ebr\u00eb vetingu deri n\u00eb fund, se n\u00ebse gjykata se b\u00ebnte vetingun deri n\u00eb fund nuk plot\u00ebsohej SPAK. Pyetja q\u00eb b\u00ebhet n\u00eb funksion t\u00eb hetimit por sikur k\u00ebta t\u00eb cojn\u00eb tek kryeministri ca do ndodh\u00eb do shp\u00ebtojn\u00eb veten apo do hapin kraterin?<\/p>\n<p>Rames i jepet mund\u00ebsia t\u00eb b\u00ebj\u00eb politik, por i shqet\u00ebsuar \u00ebsht\u00eb, vihet re. Ne bote kur k\u00ebrkohen t\u00eb b\u00ebhen reforma t\u00eb m\u00ebdha ai q\u00eb ka mazhoranc\u00ebn e reformat i b\u00ebn nj\u00eb forc\u00eb q\u00eb nuk varet nga ty ai q\u00eb ka mazhoranc\u00ebn ben qe t\u00eb marr\u00eb p\u00ebrfitime. Se cdo b\u00ebj\u00eb Rama nuk e di e ka marr\u00eb apo jo, q\u00eb do shkoj\u00eb drejt procesit nuk diskutohet. Sot ka tronditur gjith\u00eb korrupsionin e gjyq\u00ebsorit. Gjyq\u00ebsori ishte nj\u00eb sk\u00ebterr\u00eb mos shiko SPAK, akoma sk\u00ebterr\u00eb \u00ebsht\u00eb, 40% e tyre jan\u00eb t\u00eb gjith\u00eb t\u00eb listuar p\u00ebr ti hequr e nuk u ka ardhur akoma rradha p\u00ebr investigim. Ne na duhet drejt\u00ebsia\u201d.<\/p>\n","protected":false},"excerpt":{"rendered":"<p>Avokati Spartak Ngjela tha se \u00ebsht\u00eb domosdoshm\u00ebri juridike zgjatja e mandatit t\u00eb vetingut. Duhet t\u00eb pranojm\u00eb q\u00eb ka mbaruar m\u00eb shum\u00eb se gjysma e personelit e jan\u00eb eleminuar rreth 500 gjyqtar\u00eb e prokuror\u00eb p\u00ebr korrupsion. Mos t\u00eb duket pak? K\u00ebtu kishte nj\u00eb gj\u00eb q\u00eb shqiptar\u00ebt nuk ishin t\u00eb p\u00ebrgatitur. ONM, jan\u00eb skrupuloz\u00eb per\u00ebndimor\u00ebt e i [&hellip;]<\/p>\n","protected":false},"author":2020,"featured_media":236333,"comment_status":"closed","ping_status":"closed","sticky":false,"template":"","format":"standard","meta":{"footnotes":""},"categories":[241,5380,231],"tags":[],"class_list":{"0":"post-236332","1":"post","2":"type-post","3":"status-publish","4":"format-standard","5":"has-post-thumbnail","7":"category-aktualitet","8":"category-kryesore","9":"category-lajme"},"_links":{"self":[{"href":"https:\/\/zjarr.tv\/sq\/wp-json\/wp\/v2\/posts\/236332","targetHints":{"allow":["GET"]}}],"collection":[{"href":"https:\/\/zjarr.tv\/sq\/wp-json\/wp\/v2\/posts"}],"about":[{"href":"https:\/\/zjarr.tv\/sq\/wp-json\/wp\/v2\/types\/post"}],"author":[{"embeddable":true,"href":"https:\/\/zjarr.tv\/sq\/wp-json\/wp\/v2\/users\/2020"}],"replies":[{"embeddable":true,"href":"https:\/\/zjarr.tv\/sq\/wp-json\/wp\/v2\/comments?post=236332"}],"version-history":[{"count":0,"href":"https:\/\/zjarr.tv\/sq\/wp-json\/wp\/v2\/posts\/236332\/revisions"}],"wp:featuredmedia":[{"embeddable":true,"href":"https:\/\/zjarr.tv\/sq\/wp-json\/wp\/v2\/media\/236333"}],"wp:attachment":[{"href":"https:\/\/zjarr.tv\/sq\/wp-json\/wp\/v2\/media?parent=236332"}],"wp:term":[{"taxonomy":"category","embeddable":true,"href":"https:\/\/zjarr.tv\/sq\/wp-json\/wp\/v2\/categories?post=236332"},{"taxonomy":"post_tag","embeddable":true,"href":"https:\/\/zjarr.tv\/sq\/wp-json\/wp\/v2\/tags?post=236332"}],"curies":[{"name":"wp","href":"https:\/\/api.w.org\/{rel}","templated":true}]}}