{"id":237363,"date":"2022-02-16T16:26:05","date_gmt":"2022-02-16T15:26:05","guid":{"rendered":"https:\/\/zjarr.tv\/?p=237363"},"modified":"2022-02-16T16:26:05","modified_gmt":"2022-02-16T15:26:05","slug":"zgjatja-e-vetingut-leskaj-shifra-skandaloze-deputetet-duhet-te-ndaleshin","status":"publish","type":"post","link":"https:\/\/zjarr.tv\/sq\/zgjatja-e-vetingut-leskaj-shifra-skandaloze-deputetet-duhet-te-ndaleshin\/","title":{"rendered":"Zgjatja e vetingut\/ Leskaj: Shifra skandaloze, deputet\u00ebt duhet t\u00eb ndaleshin"},"content":{"rendered":"<p>Deputet\u00ebt e Kuvendit votuan p\u00ebr zgjatjen e mandatit t\u00eb KPK,\u00a0 megjith\u00ebse gjat\u00eb k\u00ebtyre 4 viteve, ky organ ka punuar me ritme t\u00eb ul\u00ebta, e n\u00eb munges\u00eb eficence. Deputeti i PD, Bujar Leskaj, gjat\u00eb nj\u00eb interviste p\u00ebr SYRI TV, tha se 1 gjyqtar, ka marr\u00eb m\u00eb pak se 1 vendim n\u00eb muaj, nd\u00ebrkoh\u00eb q\u00eb vendimmarrja e koleg\u00ebve evropian\u00eb \u00ebsht\u00eb 20 her\u00eb m\u00eb e lart\u00eb. Sipas tij, deputet\u00ebt duhej t\u00eb merrnin parasysh k\u00ebto shifra skandaloze, para se ta votonin n\u00eb bllok<\/p>\n<p>Deputetet q\u00eb mb\u00ebshtesin Lulzim Bash\u00ebn bashkuan votat me PS, p\u00ebr t\u00eb miratuar zgjatjen e mandatit t\u00eb organeve t\u00eb vetingut n\u00eb drejt\u00ebsi, pa b\u00ebr\u00eb m\u00eb par\u00eb nj\u00eb analiz\u00eb sesi kan\u00eb funksionuar ato k\u00ebto 4 vite.<\/p>\n<p>Deputeti i PD, Bujar Leskaj, evidentoi gjat\u00eb nj\u00eb interviste p\u00ebr SYRI TV, munges\u00ebn e eficenc\u00ebs s\u00eb k\u00ebtyre institucioneve. P\u00ebrmes nj\u00eb llogaritjeje aritmetike, ai tregoi ritmet e ul\u00ebta t\u00eb pun\u00ebs s\u00eb KPK, ku nj\u00eb gjyqtar ka marr\u00eb m\u00eb pak se 1 vendim n\u00eb muaj, nd\u00ebrkoh\u00eb q\u00eb vendimmarrja e koleg\u00ebve evropian\u00eb \u00ebsht\u00eb 20-fish m\u00eb e lart\u00eb<\/p>\n<p>Sipas Leskajt, jan\u00eb pik\u00ebrisht k\u00ebto shifra, q\u00eb duhej t\u2019i b\u00ebnin deputet t\u00eb ndalonin. N\u00eb thelb, Leskaj shprehet pro vetingut dhe reform\u00ebs n\u00eb drejt\u00ebsi, por sipas tij, duhet b\u00ebr\u00eb m\u00eb par\u00eb nj\u00eb analiz\u00eb dhe t\u00eb referohen ndryshimet v\u00ebrtet t\u00eb nevojshme. Me 10 shkurt, Kuvendi miratoi me 118 vota pro ndryshimet n\u00eb Kushtetute, p\u00ebr t\u00eb zgjatur mandatin e organeve te vetingut n\u00eb drejt\u00ebsi.<\/p>\n","protected":false},"excerpt":{"rendered":"<p>Deputet\u00ebt e Kuvendit votuan p\u00ebr zgjatjen e mandatit t\u00eb KPK,\u00a0 megjith\u00ebse gjat\u00eb k\u00ebtyre 4 viteve, ky organ ka punuar me ritme t\u00eb ul\u00ebta, e n\u00eb munges\u00eb eficence. Deputeti i PD, Bujar Leskaj, gjat\u00eb nj\u00eb interviste p\u00ebr SYRI TV, tha se 1 gjyqtar, ka marr\u00eb m\u00eb pak se 1 vendim n\u00eb muaj, nd\u00ebrkoh\u00eb q\u00eb vendimmarrja e [&hellip;]<\/p>\n","protected":false},"author":2020,"featured_media":237364,"comment_status":"closed","ping_status":"closed","sticky":false,"template":"","format":"standard","meta":{"footnotes":""},"categories":[241,5380,231],"tags":[],"class_list":{"0":"post-237363","1":"post","2":"type-post","3":"status-publish","4":"format-standard","5":"has-post-thumbnail","7":"category-aktualitet","8":"category-kryesore","9":"category-lajme"},"_links":{"self":[{"href":"https:\/\/zjarr.tv\/sq\/wp-json\/wp\/v2\/posts\/237363","targetHints":{"allow":["GET"]}}],"collection":[{"href":"https:\/\/zjarr.tv\/sq\/wp-json\/wp\/v2\/posts"}],"about":[{"href":"https:\/\/zjarr.tv\/sq\/wp-json\/wp\/v2\/types\/post"}],"author":[{"embeddable":true,"href":"https:\/\/zjarr.tv\/sq\/wp-json\/wp\/v2\/users\/2020"}],"replies":[{"embeddable":true,"href":"https:\/\/zjarr.tv\/sq\/wp-json\/wp\/v2\/comments?post=237363"}],"version-history":[{"count":0,"href":"https:\/\/zjarr.tv\/sq\/wp-json\/wp\/v2\/posts\/237363\/revisions"}],"wp:featuredmedia":[{"embeddable":true,"href":"https:\/\/zjarr.tv\/sq\/wp-json\/wp\/v2\/media\/237364"}],"wp:attachment":[{"href":"https:\/\/zjarr.tv\/sq\/wp-json\/wp\/v2\/media?parent=237363"}],"wp:term":[{"taxonomy":"category","embeddable":true,"href":"https:\/\/zjarr.tv\/sq\/wp-json\/wp\/v2\/categories?post=237363"},{"taxonomy":"post_tag","embeddable":true,"href":"https:\/\/zjarr.tv\/sq\/wp-json\/wp\/v2\/tags?post=237363"}],"curies":[{"name":"wp","href":"https:\/\/api.w.org\/{rel}","templated":true}]}}