{"id":237389,"date":"2022-02-16T17:29:30","date_gmt":"2022-02-16T16:29:30","guid":{"rendered":"https:\/\/zjarr.tv\/?p=237389"},"modified":"2022-02-16T17:29:30","modified_gmt":"2022-02-16T16:29:30","slug":"plas-sherri-ne-komisionin-e-inceneratoreve-deputeti-i-ps-perplaset-me-tabakun-po-bullizon-nuk-te-shkon-per-shtat-se-je-nene-nenkryetarja-e-pd-patetike","status":"publish","type":"post","link":"https:\/\/zjarr.tv\/sq\/plas-sherri-ne-komisionin-e-inceneratoreve-deputeti-i-ps-perplaset-me-tabakun-po-bullizon-nuk-te-shkon-per-shtat-se-je-nene-nenkryetarja-e-pd-patetike\/","title":{"rendered":"Plas sherri n\u00eb Komisionin e Incenerator\u00ebve\/ Deputeti i PS p\u00ebrplaset me Tabakun: Po bullizon, nuk t\u00eb shkon p\u00ebr shtat se je n\u00ebn\u00eb, n\u00ebnkryetarja e PD: Patetike!"},"content":{"rendered":"<p>Kreu i Bashkis\u00eb s\u00eb Elbasanit, Gledian Llatja po raporton n\u00eb Komisionin Hetimor p\u00ebr inceneratorin e Elbasanit.<\/p>\n<p>Gjat\u00eb fjal\u00ebs s\u00eb tij Llatja u shpreh se sipas raporteve hiri nuk del jasht\u00eb impiantit dhe nuk ka ndotje. Nd\u00ebrkoh\u00eb k\u00ebtu ka nd\u00ebrhyr\u00eb Tabaku e cila e ka konsideruar t\u00eb papranuesh\u00ebm faktin se merren p\u00ebrbaz\u00eb raporte t\u00eb kompanive t\u00eb kapura n\u00eb korrupsion.<\/p>\n<p>Nd\u00ebrkoh\u00eb gjat\u00eb k\u00ebsaj d\u00ebshmie pati nj\u00eb p\u00ebrplasje mes an\u00ebtar\u00ebve t\u00eb PS dhe kryetares s\u00eb Komisionit Jorida Tabaku.<\/p>\n<p>Pjes\u00eb nga debati:<\/p>\n<p>Gledjan Llatja: Impianti i prodhimit t\u00eb energjis\u00eb sipas t\u00eb dh\u00ebnave ka nj\u00eb problematik\u00eb p\u00ebr \u00e7mimet. Ka 2 kategori: Enti Rregullator ka vendosur nj\u00eb \u00e7mim por k\u00ebrkohet t\u00eb ndryshohet. Bashkia e Elbasanit\u00a0 ne do t2\u00eb fillojm\u00eb kontaktin me zyrtar\u00eb dhe OSHEE. Bashkia e Elbasanit konsumon n\u00eb vit 1 milion\u00eb dollar\u00eb p\u00ebr energji. N\u00ebse OSHEE do t\u00eb na e njoh\u00eb k\u00ebt\u00eb energji si t\u00eb rimbursueshme do t\u00eb ishte nj\u00eb gj\u00eb shum\u00eb e mir\u00eb sepse un\u00eb fitoj dyfish.<\/p>\n<p>Lu\u00e7iano Bo\u00e7i: A ekziston nj\u00eb projekt p\u00ebr ngrohej e serave n\u00eb fush\u00eb?<\/p>\n<p>Gledjan Llatja: Fusha e Elbasanit \u00ebsht\u00eb aseti m\u00eb i madh bujq\u00ebsor atje. \u00cbsht\u00eb rritur prodhimi dhe mir\u00ebq\u00ebnia e zon\u00ebs. Aty \u00ebsht\u00eb nj\u00eb shif\u00ebr 12 met\u00ebr kub avull n\u00eb or\u00eb q\u00eb mund t\u00eb sh\u00ebrbej\u00eb p\u00ebr ngrohjen e serave n\u00eb dim\u00ebr. Do shikohet n\u00ebse \u00ebsht\u00eb n\u00eb dobi n\u00eb banor\u00ebve t\u00eb Elbasanit.<\/p>\n<p>Lu\u00e7iano Bo\u00e7i: Produkti fundor i inceneratorit \u00ebsht\u00eb hiri kontaminues. Nga inspektimet q\u00eb keni b\u00ebr\u00eb, ky hi ku depozitohet n\u00eb impiant?<\/p>\n<p>Gledjan Llatja:Vet\u00eb vendi ku \u00ebsht\u00eb nd\u00ebrtuar landfilli \u00ebsht\u00eb nj\u00eb vend i parashikuar p\u00ebr t\u00eb pasur hiret e TEC-eve.\u00a0 N\u00eb dijenin\u00eb time un\u00eb shikoj raportet mjedisore, hiri nuk del jasht\u00eb impiantit. Kemi raporte.<\/p>\n<p>Jorida Tabaku: Po thua ka b\u00ebr\u00eb kompania q\u00eb \u00ebsht\u00eb kapur n\u00eb korrupsion nj\u00eb raport.<\/p>\n<p>Gledjan Llatja: Jan\u00eb kompani italiane dhe jan\u00eb shum\u00eb t\u00eb pastra dhe jan\u00eb kaluese.<\/p>\n<p>Besjan Ajazi: Keni t\u00eb gjith\u00eb dashamir\u00ebsin\u00eb ton\u00eb p\u00ebr ta vazhduar k\u00ebt\u00eb komision. Marrim mikrofonin e nuk dim\u00eb \u00e7far\u00eb themi<\/p>\n<p>Jorida Tabaku: Ju kemi duruar nga ora 10, e keni mbajtur peng Komisionin.<\/p>\n<p>Besjan Ajazi: Ruaj qet\u00ebsin\u00eb.<\/p>\n<p>Jorida Tabaku: Jam shum\u00eb e qet\u00eb<\/p>\n<p>Besjan Ajazi: Un\u00eb ju b\u00ebra thirrje si n\u00ebn\u00eb dhe si grua, menaxhojeni mir\u00eb k\u00ebt\u00eb situat\u00eb sepse nuk ju shkon. Mund t\u00eb b\u00ebn\u00eb \u00e7far\u00eb t\u00eb doni me ne por nuk ju shkon t\u00eb bullizoni koleg\u00ebt tuaj t\u00eb partis\u00eb.<\/p>\n<p>Tabaku: \u00c7lidhje ka si n\u00ebn\u00eb kjo? Patetike!<\/p>\n<p>Ajazi: Po b\u00ebni p\u00ebrkthyesin p\u00ebr pyetjet e koleg\u00ebve<\/p>\n<p>Tabaku: Nuk m\u00eb komplekson as mua as Bo\u00e7in fare me k\u00ebt\u00eb. M\u00eb vjen mir\u00eb q\u00eb ngrit\u00ebm humorin pak. Zoti Bo\u00e7i nuk dua t\u2019ju bullizoj (Ironi)<\/p>\n","protected":false},"excerpt":{"rendered":"<p>Kreu i Bashkis\u00eb s\u00eb Elbasanit, Gledian Llatja po raporton n\u00eb Komisionin Hetimor p\u00ebr inceneratorin e Elbasanit. Gjat\u00eb fjal\u00ebs s\u00eb tij Llatja u shpreh se sipas raporteve hiri nuk del jasht\u00eb impiantit dhe nuk ka ndotje. Nd\u00ebrkoh\u00eb k\u00ebtu ka nd\u00ebrhyr\u00eb Tabaku e cila e ka konsideruar t\u00eb papranuesh\u00ebm faktin se merren p\u00ebrbaz\u00eb raporte t\u00eb kompanive t\u00eb [&hellip;]<\/p>\n","protected":false},"author":2030,"featured_media":237390,"comment_status":"closed","ping_status":"closed","sticky":false,"template":"","format":"standard","meta":{"footnotes":""},"categories":[241,3366,5380,231,1454],"tags":[],"class_list":{"0":"post-237389","1":"post","2":"type-post","3":"status-publish","4":"format-standard","5":"has-post-thumbnail","7":"category-aktualitet","8":"category-koment","9":"category-kryesore","10":"category-lajme","11":"category-politike"},"_links":{"self":[{"href":"https:\/\/zjarr.tv\/sq\/wp-json\/wp\/v2\/posts\/237389","targetHints":{"allow":["GET"]}}],"collection":[{"href":"https:\/\/zjarr.tv\/sq\/wp-json\/wp\/v2\/posts"}],"about":[{"href":"https:\/\/zjarr.tv\/sq\/wp-json\/wp\/v2\/types\/post"}],"author":[{"embeddable":true,"href":"https:\/\/zjarr.tv\/sq\/wp-json\/wp\/v2\/users\/2030"}],"replies":[{"embeddable":true,"href":"https:\/\/zjarr.tv\/sq\/wp-json\/wp\/v2\/comments?post=237389"}],"version-history":[{"count":0,"href":"https:\/\/zjarr.tv\/sq\/wp-json\/wp\/v2\/posts\/237389\/revisions"}],"wp:featuredmedia":[{"embeddable":true,"href":"https:\/\/zjarr.tv\/sq\/wp-json\/wp\/v2\/media\/237390"}],"wp:attachment":[{"href":"https:\/\/zjarr.tv\/sq\/wp-json\/wp\/v2\/media?parent=237389"}],"wp:term":[{"taxonomy":"category","embeddable":true,"href":"https:\/\/zjarr.tv\/sq\/wp-json\/wp\/v2\/categories?post=237389"},{"taxonomy":"post_tag","embeddable":true,"href":"https:\/\/zjarr.tv\/sq\/wp-json\/wp\/v2\/tags?post=237389"}],"curies":[{"name":"wp","href":"https:\/\/api.w.org\/{rel}","templated":true}]}}