{"id":237829,"date":"2022-02-18T12:55:41","date_gmt":"2022-02-18T11:55:41","guid":{"rendered":"https:\/\/zjarr.tv\/?p=237829"},"modified":"2022-02-18T12:55:41","modified_gmt":"2022-02-18T11:55:41","slug":"bushati-shperthen-ndaj-mbeshtetesve-te-bashes-tentojne-te-justifikojne-reformen-ne-drejtesi-por-bejne-sikur-nuk-e-dine-se-kjo-reforme-eshte-bere-me-porosi-per-ramen","status":"publish","type":"post","link":"https:\/\/zjarr.tv\/sq\/bushati-shperthen-ndaj-mbeshtetesve-te-bashes-tentojne-te-justifikojne-reformen-ne-drejtesi-por-bejne-sikur-nuk-e-dine-se-kjo-reforme-eshte-bere-me-porosi-per-ramen\/","title":{"rendered":"Bushati shp\u00ebrthen ndaj mb\u00ebshtet\u00ebsve t\u00eb Bash\u00ebs: Tentojn\u00eb t\u00eb justifikojn\u00eb Reform\u00ebn n\u00eb Drejt\u00ebsi, por b\u00ebjn\u00eb sikur nuk e din\u00eb se kjo reform\u00eb \u00ebsht\u00eb b\u00ebr\u00eb me porosi p\u00ebr Ram\u00ebn"},"content":{"rendered":"<p>Analisti Andi Bushati p\u00ebrmes nj\u00eb postimi n\u00eb Facebook, ka thumbuar mb\u00ebshtet\u00ebsit e kreut t\u00eb PD-s\u00eb Lulzim Basha, p\u00ebr justifikimet q\u00eb b\u00ebjn\u00eb k\u00ebta t\u00eb fundit p\u00ebr Reform\u00ebn n\u00eb Drejt\u00ebsi, me argumentin se vendimi i Gjykat\u00ebs Kushtetuese p\u00ebr anullimin e shkarkimit t\u00eb presidentit Meta, tregoi se Rama nuk e ka n\u00eb dor\u00eb drejt\u00ebsin\u00eb.<\/p>\n<p>Bushati shkruan n\u00eb rrjetin social se k\u00ebt\u00eb persona b\u00ebjn\u00eb sikur nuk e din\u00eb q\u00eb refrma isht\u00eb nj\u00eb kostum i prer\u00eb me porosi p\u00ebr Ram\u00ebn, por mundohen ta justifikojn\u00eb me faktin se e ka SHBA n\u00eb dor\u00eb.<\/p>\n<p>Mbrojtesit mediatike te Lulit i ka zene nje hall i madh, ne kushtet e reja, duhet te fillojne te justifikojne dhe reformen ne drejtesi. Jo po dy ministra ne burg, jo po rilindasit kane fillu te kene frike, jo po fijet po i luan Amerika\u2026.<\/p>\n<p>Fshihen pas gishtit duke bere sikur nuk e dine se kete reforme Rama e preu si nje kostum me porosi per veten e vet<\/p>\n","protected":false},"excerpt":{"rendered":"<p>Analisti Andi Bushati p\u00ebrmes nj\u00eb postimi n\u00eb Facebook, ka thumbuar mb\u00ebshtet\u00ebsit e kreut t\u00eb PD-s\u00eb Lulzim Basha, p\u00ebr justifikimet q\u00eb b\u00ebjn\u00eb k\u00ebta t\u00eb fundit p\u00ebr Reform\u00ebn n\u00eb Drejt\u00ebsi, me argumentin se vendimi i Gjykat\u00ebs Kushtetuese p\u00ebr anullimin e shkarkimit t\u00eb presidentit Meta, tregoi se Rama nuk e ka n\u00eb dor\u00eb drejt\u00ebsin\u00eb. Bushati shkruan n\u00eb rrjetin [&hellip;]<\/p>\n","protected":false},"author":2020,"featured_media":237831,"comment_status":"closed","ping_status":"closed","sticky":false,"template":"","format":"standard","meta":{"footnotes":""},"categories":[241,5380,231],"tags":[],"class_list":{"0":"post-237829","1":"post","2":"type-post","3":"status-publish","4":"format-standard","5":"has-post-thumbnail","7":"category-aktualitet","8":"category-kryesore","9":"category-lajme"},"_links":{"self":[{"href":"https:\/\/zjarr.tv\/sq\/wp-json\/wp\/v2\/posts\/237829","targetHints":{"allow":["GET"]}}],"collection":[{"href":"https:\/\/zjarr.tv\/sq\/wp-json\/wp\/v2\/posts"}],"about":[{"href":"https:\/\/zjarr.tv\/sq\/wp-json\/wp\/v2\/types\/post"}],"author":[{"embeddable":true,"href":"https:\/\/zjarr.tv\/sq\/wp-json\/wp\/v2\/users\/2020"}],"replies":[{"embeddable":true,"href":"https:\/\/zjarr.tv\/sq\/wp-json\/wp\/v2\/comments?post=237829"}],"version-history":[{"count":0,"href":"https:\/\/zjarr.tv\/sq\/wp-json\/wp\/v2\/posts\/237829\/revisions"}],"wp:featuredmedia":[{"embeddable":true,"href":"https:\/\/zjarr.tv\/sq\/wp-json\/wp\/v2\/media\/237831"}],"wp:attachment":[{"href":"https:\/\/zjarr.tv\/sq\/wp-json\/wp\/v2\/media?parent=237829"}],"wp:term":[{"taxonomy":"category","embeddable":true,"href":"https:\/\/zjarr.tv\/sq\/wp-json\/wp\/v2\/categories?post=237829"},{"taxonomy":"post_tag","embeddable":true,"href":"https:\/\/zjarr.tv\/sq\/wp-json\/wp\/v2\/tags?post=237829"}],"curies":[{"name":"wp","href":"https:\/\/api.w.org\/{rel}","templated":true}]}}