{"id":237872,"date":"2022-02-18T15:26:10","date_gmt":"2022-02-18T14:26:10","guid":{"rendered":"https:\/\/zjarr.tv\/?p=237872"},"modified":"2022-02-18T15:26:10","modified_gmt":"2022-02-18T14:26:10","slug":"hetimet-per-inceneratoret-spak-merr-ne-pyetje-kryebashkiakun-e-fierit-armando-subashi","status":"publish","type":"post","link":"https:\/\/zjarr.tv\/sq\/hetimet-per-inceneratoret-spak-merr-ne-pyetje-kryebashkiakun-e-fierit-armando-subashi\/","title":{"rendered":"Hetimet p\u00ebr incenerator\u00ebt, SPAK merr n\u00eb pyetje kryebashkiakun e Fierit, Armando Subashi"},"content":{"rendered":"<p>Armando Subashi, kryetari i Bashkis\u00eb s\u00eb Fierit po merret n\u00eb pyetje n\u00eb Prokurorin\u00eb e Posa\u00e7me Kund\u00ebr Korrupsionit dhe Krimit t\u00eb Organizuar.<\/p>\n<p>M\u00ebsohet se Subashi ka mb\u00ebrritur n\u00eb zyrat e SPAK n\u00eb or\u00ebn 10:30 dhe prej m\u00eb shum\u00eb se tre or\u00ebsh po merret n\u00eb pyetje nga prokuror\u00ebt e posa\u00e7\u00ebm.<\/p>\n<p>Pyetjet kan\u00eb t\u00eb b\u00ebjn\u00eb me veprimet e tij n\u00eb lidhje me inceneratorin e Fierit.\u00a0Subashi \u00ebsht\u00eb paraqitur i vet\u00ebm dhe pa shoq\u00ebrin\u00eb e nj\u00eb avokati. Nga ana tjet\u00ebr, n\u00eb Komisionin Hetimor p\u00ebr Incenerator\u00ebt po d\u00ebshmon sot dhe Florian Mu\u00e7aj, an\u00ebtar i Komisionit t\u00eb Prokurimit t\u00eb Inceneratorit t\u00eb Fierit. Hetimet e SPAK p\u00ebr inceneratorin e Fierit jan\u00eb drejt fundit.<\/p>\n<p>Incenerator\u00ebt jan\u00eb b\u00ebr\u00eb objekt i hetimit parlamentar pas akuzave t\u00eb opozit\u00ebs se dh\u00ebnia e koncesionit p\u00ebr nd\u00ebrtimin e tyre \u00ebsht\u00eb b\u00ebr\u00eb kund\u00ebr ligjeve, duke e cil\u00ebsuar si \u201cmegaafer\u00eb\u201d.<\/p>\n<p>Nga ana tjet\u00ebr, SPAK ka v\u00ebn\u00eb n\u00eb pranga ish-ministrin e Mjedisit Lefter Koka p\u00ebr korrupsion e shp\u00ebrdorim detyre dhe ka shpallur n\u00eb k\u00ebrkim dy administrator\u00ebt e kompanis\u00eb.<\/p>\n<p>Komisioni hetimor q\u00eb \u00ebsht\u00eb ngritur p\u00ebr impiantet e trajtimit t\u00eb mbetjeve urbane, do t\u00eb zgjas\u00eb deri m\u00eb 25 shkurt.<\/p>\n","protected":false},"excerpt":{"rendered":"<p>Armando Subashi, kryetari i Bashkis\u00eb s\u00eb Fierit po merret n\u00eb pyetje n\u00eb Prokurorin\u00eb e Posa\u00e7me Kund\u00ebr Korrupsionit dhe Krimit t\u00eb Organizuar. M\u00ebsohet se Subashi ka mb\u00ebrritur n\u00eb zyrat e SPAK n\u00eb or\u00ebn 10:30 dhe prej m\u00eb shum\u00eb se tre or\u00ebsh po merret n\u00eb pyetje nga prokuror\u00ebt e posa\u00e7\u00ebm. Pyetjet kan\u00eb t\u00eb b\u00ebjn\u00eb me veprimet e [&hellip;]<\/p>\n","protected":false},"author":2020,"featured_media":237873,"comment_status":"closed","ping_status":"closed","sticky":false,"template":"","format":"standard","meta":{"footnotes":""},"categories":[241,5380,231],"tags":[],"class_list":{"0":"post-237872","1":"post","2":"type-post","3":"status-publish","4":"format-standard","5":"has-post-thumbnail","7":"category-aktualitet","8":"category-kryesore","9":"category-lajme"},"_links":{"self":[{"href":"https:\/\/zjarr.tv\/sq\/wp-json\/wp\/v2\/posts\/237872","targetHints":{"allow":["GET"]}}],"collection":[{"href":"https:\/\/zjarr.tv\/sq\/wp-json\/wp\/v2\/posts"}],"about":[{"href":"https:\/\/zjarr.tv\/sq\/wp-json\/wp\/v2\/types\/post"}],"author":[{"embeddable":true,"href":"https:\/\/zjarr.tv\/sq\/wp-json\/wp\/v2\/users\/2020"}],"replies":[{"embeddable":true,"href":"https:\/\/zjarr.tv\/sq\/wp-json\/wp\/v2\/comments?post=237872"}],"version-history":[{"count":0,"href":"https:\/\/zjarr.tv\/sq\/wp-json\/wp\/v2\/posts\/237872\/revisions"}],"wp:featuredmedia":[{"embeddable":true,"href":"https:\/\/zjarr.tv\/sq\/wp-json\/wp\/v2\/media\/237873"}],"wp:attachment":[{"href":"https:\/\/zjarr.tv\/sq\/wp-json\/wp\/v2\/media?parent=237872"}],"wp:term":[{"taxonomy":"category","embeddable":true,"href":"https:\/\/zjarr.tv\/sq\/wp-json\/wp\/v2\/categories?post=237872"},{"taxonomy":"post_tag","embeddable":true,"href":"https:\/\/zjarr.tv\/sq\/wp-json\/wp\/v2\/tags?post=237872"}],"curies":[{"name":"wp","href":"https:\/\/api.w.org\/{rel}","templated":true}]}}