{"id":237875,"date":"2022-02-18T15:47:53","date_gmt":"2022-02-18T14:47:53","guid":{"rendered":"https:\/\/zjarr.tv\/?p=237875"},"modified":"2022-02-18T15:47:53","modified_gmt":"2022-02-18T14:47:53","slug":"keshillimi-kombetar-molle-sherri-per-tenderat-kpp-urdheron-modifikim-te-dokumenteve","status":"publish","type":"post","link":"https:\/\/zjarr.tv\/sq\/keshillimi-kombetar-molle-sherri-per-tenderat-kpp-urdheron-modifikim-te-dokumenteve\/","title":{"rendered":"K\u00ebshillimi Komb\u00ebtar \u201cmoll\u00eb sherri\u201d p\u00ebr tenderat, KPP urdh\u00ebron modifikim t\u00eb dokumenteve"},"content":{"rendered":"<p>N\u00eb dyert e sht\u00ebpive ka qen\u00eb e pamundur t\u00eb mos keni v\u00ebn\u00eb re zarfa t\u00eb bardh\u00eb me logon e K\u00ebshillimit Komb\u00ebtar. Brenda tij disa pyetje q\u00eb k\u00ebrkojn\u00eb p\u00ebrgjigjen e publikut. Ashtu sikurse \u00ebsht\u00eb e pamundur sot t\u00eb hap\u00ebsh ndonj\u00eb nga faqet e ministrive apo institucioneve t\u00eb tjera t\u00eb var\u00ebsis\u00eb pa u shfaqur n\u00eb ekranin e kompjuterit dritarja e k\u00ebshillimit.<\/p>\n<p>Nj\u00eb sip\u00ebrmarrje e k\u00ebsaj natyre duke k\u00ebrkuar komunikim dhe reagim n\u00eb \u00e7do form\u00eb e kanal komunikimi duket se \u00ebsht\u00eb b\u00ebr\u00eb moll\u00eb sherri edhe p\u00ebr bizneset q\u00eb marrin pjes\u00eb n\u00eb proceduat e prokurimit t\u00eb organizuara nga Agjencia p\u00ebr Dialog dhe Bashk\u00ebqeverisje. S\u00eb fundmi n\u00eb Komisionin e Prokurimit Publik mb\u00ebrriti nj\u00eb ankes\u00eb nga nj\u00eb prej operator\u00ebve p\u00ebr nj\u00eb prej procedurave q\u00eb lidhen me materialet promocionale t\u00eb K\u00ebshillimit Komb\u00ebtar.<\/p>\n<p>Duke i dh\u00ebn\u00eb n\u00eb nj\u00eb pjes\u00eb t\u00eb \u00e7\u00ebshtjeve t\u00eb drejt\u00eb auroritetit kontraktor p\u00ebr t\u00eb vendosur kushtet q\u00eb mendohet se mund t\u00eb b\u00ebjn\u00eb m\u00eb mir\u00eb pun\u00ebn q\u00eb ai k\u00ebrkon nj\u00eb operator ekonomik Komisioni gjithsesi ka vendosur q\u00eb t\u00eb pranoj\u00eb pjes\u00ebrisht ankes\u00ebn e operatorit ekonomik. Ndaj p\u00ebr procedur\u00ebn ka k\u00ebrkuar q\u00eb t\u00eb b\u00ebj\u00eb modifikime n\u00eb dokumentet e tenderit ende n\u00eb vazhdim.<\/p>\n<p>\u201cKomisioni i Prokurimit Publik nj\u00ebz\u00ebri, Vendos 1. T\u00eb pranoj\u00eb pjes\u00ebrisht ankes\u00ebn e operatorit ekonomik \u201cAlbdesign PSP\u201d SHPK p\u00ebr procedur\u00ebn e prokurimit \u201cProcedur\u00eb e hapur, e thjeshtuar\u201d, me Nr. REF-18441-02-02- 2022, me objekt \u201cBlerje dhe printime t\u00eb materialeve promocionale p\u00ebr K\u00ebshillin Komb\u00ebtar\u201d, me fond limit 3,905,561 lek\u00eb pa TVSH, parashikuar p\u00ebr t\u2019u zhvilluar n\u00eb dat\u00ebn 03.02.2022 nga autoriteti kontraktor, Agjencia p\u00ebr Dialog dhe Bashk\u00ebqeverisje. 2. Autoriteti kontraktor t\u00eb kryej\u00eb modifikimet p\u00ebrkat\u00ebse t\u00eb dokumenteve t\u00eb tenderit n\u00eb SPE, sipas konstatimeve t\u00eb m\u00ebsip\u00ebrme t\u00eb Komisionit t\u00eb Prokurimit Publik. 3.\/Monitor<\/p>\n","protected":false},"excerpt":{"rendered":"<p>N\u00eb dyert e sht\u00ebpive ka qen\u00eb e pamundur t\u00eb mos keni v\u00ebn\u00eb re zarfa t\u00eb bardh\u00eb me logon e K\u00ebshillimit Komb\u00ebtar. Brenda tij disa pyetje q\u00eb k\u00ebrkojn\u00eb p\u00ebrgjigjen e publikut. Ashtu sikurse \u00ebsht\u00eb e pamundur sot t\u00eb hap\u00ebsh ndonj\u00eb nga faqet e ministrive apo institucioneve t\u00eb tjera t\u00eb var\u00ebsis\u00eb pa u shfaqur n\u00eb ekranin e [&hellip;]<\/p>\n","protected":false},"author":2020,"featured_media":237876,"comment_status":"closed","ping_status":"closed","sticky":false,"template":"","format":"standard","meta":{"footnotes":""},"categories":[241,5380,231],"tags":[],"class_list":{"0":"post-237875","1":"post","2":"type-post","3":"status-publish","4":"format-standard","5":"has-post-thumbnail","7":"category-aktualitet","8":"category-kryesore","9":"category-lajme"},"_links":{"self":[{"href":"https:\/\/zjarr.tv\/sq\/wp-json\/wp\/v2\/posts\/237875","targetHints":{"allow":["GET"]}}],"collection":[{"href":"https:\/\/zjarr.tv\/sq\/wp-json\/wp\/v2\/posts"}],"about":[{"href":"https:\/\/zjarr.tv\/sq\/wp-json\/wp\/v2\/types\/post"}],"author":[{"embeddable":true,"href":"https:\/\/zjarr.tv\/sq\/wp-json\/wp\/v2\/users\/2020"}],"replies":[{"embeddable":true,"href":"https:\/\/zjarr.tv\/sq\/wp-json\/wp\/v2\/comments?post=237875"}],"version-history":[{"count":0,"href":"https:\/\/zjarr.tv\/sq\/wp-json\/wp\/v2\/posts\/237875\/revisions"}],"wp:featuredmedia":[{"embeddable":true,"href":"https:\/\/zjarr.tv\/sq\/wp-json\/wp\/v2\/media\/237876"}],"wp:attachment":[{"href":"https:\/\/zjarr.tv\/sq\/wp-json\/wp\/v2\/media?parent=237875"}],"wp:term":[{"taxonomy":"category","embeddable":true,"href":"https:\/\/zjarr.tv\/sq\/wp-json\/wp\/v2\/categories?post=237875"},{"taxonomy":"post_tag","embeddable":true,"href":"https:\/\/zjarr.tv\/sq\/wp-json\/wp\/v2\/tags?post=237875"}],"curies":[{"name":"wp","href":"https:\/\/api.w.org\/{rel}","templated":true}]}}