{"id":237880,"date":"2022-02-18T16:12:08","date_gmt":"2022-02-18T15:12:08","guid":{"rendered":"https:\/\/zjarr.tv\/?p=237880"},"modified":"2022-02-18T16:12:08","modified_gmt":"2022-02-18T15:12:08","slug":"eduart-shalsi-ps-nuk-behet-mburoje-per-askend-qe-ka-probleme-me-drejtesine-nuk-jemi-ne-kohen-e-berishes","status":"publish","type":"post","link":"https:\/\/zjarr.tv\/sq\/eduart-shalsi-ps-nuk-behet-mburoje-per-askend-qe-ka-probleme-me-drejtesine-nuk-jemi-ne-kohen-e-berishes\/","title":{"rendered":"Eduart Shalsi: PS nuk b\u00ebhet mburoj\u00eb p\u00ebr ask\u00ebnd q\u00eb ka probleme me drejt\u00ebsin\u00eb, nuk jemi n\u00eb koh\u00ebn e Berish\u00ebs!"},"content":{"rendered":"<p>Subashi dhe Bllako n\u00eb SPAK, Eduart Shalsi: PS nuk b\u00ebhet mburoj\u00eb p\u00ebr ask\u00ebnd q\u00eb ka probleme me drejt\u00ebsin\u00eb<\/p>\n<p>An\u00ebtari i Komisionit Hetimor p\u00ebr Incenerator\u00ebt Eduart Shalsi n\u00eb nj\u00eb deklarat\u00eb nga Kuvendi deklaroi se koleg\u00ebt e tij n\u00eb krahun e opozit\u00ebs po intimidojn\u00eb d\u00ebshmitar\u00ebt duke d\u00ebmtuar procesin e hetimit nga SPAK. Sipas tij Komisioni po kthehet n\u00eb gjyq publik duke ngat\u00ebrruar rolet e opozit\u00ebs. Shalsi shtoi se socialist\u00ebt po p\u00ebrpiqen ta mbajn\u00eb komisionin hetimor n\u00eb binar\u00ebt e ligjit. N\u00eb lidhje me marrjen n\u00eb pyetje t\u00eb kryetarit t\u00eb Bashkis\u00eb s\u00eb Fierit Armando Subashi dhe deputetit Alqi Bllako, ai shtoi se PS nuk b\u00ebhet mburoj\u00eb p\u00ebr ask\u00ebnd.<\/p>\n<p>\u201cNe jemi iniciuesit e Reform\u00ebs n\u00eb Drejt\u00ebsi dhe e kemi mb\u00ebshtetur nd\u00ebrtimi e institucioneve t\u00eb drejt\u00ebsis\u00eb. PS nuk b\u00ebhet mburoj\u00eb p\u00ebr ask\u00ebnd q\u00eb ka probleme me drejt\u00ebsin\u00eb dhe ne e kemi d\u00ebshmuar me vepra ndryshe nga koha kur gjykat\u00ebsit anatemoheshin dikur me Sali Berish\u00ebn dhe shantazhin e tij. Jemi n\u00eb nj\u00eb koh\u00eb t\u00eb pangjashme me nj\u00ebra tjetr\u00ebn, dikur pengohej drejt\u00ebsia t\u00eb luante rolin e saj dhe kemi koh\u00ebn ton\u00eb kur drejt\u00ebsia inkurajohet t\u00eb b\u00ebj\u00eb rolin e saj\u201d, u shpreh Shalsi.<\/p>\n<p>Komisioni Hetimor? P\u00ebrpjekja p\u00ebr t\u00eb intimidduar d\u00ebshmitar\u00ebt \u00ebsht\u00eb e pranishme tek deputet\u00ebt e opozit\u00ebs n\u00eb Komisionin Hetimor. Kryetaren e Komisionit e kam k\u00ebshilluar disa her\u00eb sepse \u00ebsht\u00eb e r\u00ebnd\u00ebsishme t\u00eb jet\u00eb e paanshme q\u00eb Komisioni t\u00eb ushtroj\u00eb funksionin, kemi par\u00eb nj\u00eb kryetare q\u00eb merr rolin e gjykat\u00ebsit dhe prokurorit.<\/p>\n<p>Insistohet dhe pyetet d\u00ebshmitari dhe organet q\u00eb e kan\u00eb pyetur i thon\u00eb mos jap\u00eb deklarata sepse prish hetimet. K\u00ebta duan si9 gjyqe politike si para viteve 90\u2019. Duhet t\u00eb sillemi n\u00eb m\u00ebnyr\u00eb t\u00eb matur dhe nuk duhet t\u00eb c\u00ebnojm\u00eb asnj\u00eb proces hetimor, duhet ta inkurajojm\u00eb\u201d, tha Shalsi.<\/p>\n","protected":false},"excerpt":{"rendered":"<p>Subashi dhe Bllako n\u00eb SPAK, Eduart Shalsi: PS nuk b\u00ebhet mburoj\u00eb p\u00ebr ask\u00ebnd q\u00eb ka probleme me drejt\u00ebsin\u00eb An\u00ebtari i Komisionit Hetimor p\u00ebr Incenerator\u00ebt Eduart Shalsi n\u00eb nj\u00eb deklarat\u00eb nga Kuvendi deklaroi se koleg\u00ebt e tij n\u00eb krahun e opozit\u00ebs po intimidojn\u00eb d\u00ebshmitar\u00ebt duke d\u00ebmtuar procesin e hetimit nga SPAK. Sipas tij Komisioni po kthehet [&hellip;]<\/p>\n","protected":false},"author":2020,"featured_media":237881,"comment_status":"closed","ping_status":"closed","sticky":false,"template":"","format":"standard","meta":{"footnotes":""},"categories":[241,5380,231],"tags":[],"class_list":{"0":"post-237880","1":"post","2":"type-post","3":"status-publish","4":"format-standard","5":"has-post-thumbnail","7":"category-aktualitet","8":"category-kryesore","9":"category-lajme"},"_links":{"self":[{"href":"https:\/\/zjarr.tv\/sq\/wp-json\/wp\/v2\/posts\/237880","targetHints":{"allow":["GET"]}}],"collection":[{"href":"https:\/\/zjarr.tv\/sq\/wp-json\/wp\/v2\/posts"}],"about":[{"href":"https:\/\/zjarr.tv\/sq\/wp-json\/wp\/v2\/types\/post"}],"author":[{"embeddable":true,"href":"https:\/\/zjarr.tv\/sq\/wp-json\/wp\/v2\/users\/2020"}],"replies":[{"embeddable":true,"href":"https:\/\/zjarr.tv\/sq\/wp-json\/wp\/v2\/comments?post=237880"}],"version-history":[{"count":0,"href":"https:\/\/zjarr.tv\/sq\/wp-json\/wp\/v2\/posts\/237880\/revisions"}],"wp:featuredmedia":[{"embeddable":true,"href":"https:\/\/zjarr.tv\/sq\/wp-json\/wp\/v2\/media\/237881"}],"wp:attachment":[{"href":"https:\/\/zjarr.tv\/sq\/wp-json\/wp\/v2\/media?parent=237880"}],"wp:term":[{"taxonomy":"category","embeddable":true,"href":"https:\/\/zjarr.tv\/sq\/wp-json\/wp\/v2\/categories?post=237880"},{"taxonomy":"post_tag","embeddable":true,"href":"https:\/\/zjarr.tv\/sq\/wp-json\/wp\/v2\/tags?post=237880"}],"curies":[{"name":"wp","href":"https:\/\/api.w.org\/{rel}","templated":true}]}}