{"id":237905,"date":"2022-02-18T17:28:47","date_gmt":"2022-02-18T16:28:47","guid":{"rendered":"https:\/\/zjarr.tv\/?p=237905"},"modified":"2022-02-18T17:28:47","modified_gmt":"2022-02-18T16:28:47","slug":"edi-rama-jep-lajmin-e-mire-shqiptareve-do-tu-njihen-pensionet-ne-kete-shtet-te-europes","status":"publish","type":"post","link":"https:\/\/zjarr.tv\/sq\/edi-rama-jep-lajmin-e-mire-shqiptareve-do-tu-njihen-pensionet-ne-kete-shtet-te-europes\/","title":{"rendered":"Edi Rama jep lajmin e mir\u00eb: Shqiptar\u00ebve do t\u2019u njihen pensionet n\u00eb k\u00ebt\u00eb shtet t\u00eb Europ\u00ebs"},"content":{"rendered":"<p>Shtetasit shqiptar\u00eb q\u00eb punojn\u00eb rregullisht n\u00eb Zvic\u00ebr, do t\u00eb p\u00ebrfitojn\u00eb pensionin me mbushjen e mosh\u00ebs, duke mos humbur asnj\u00eb dit\u00eb nga periudha kontributive. Lajmi \u00ebsht\u00eb dh\u00ebn\u00eb nga kryeministri Edi Rama.<\/p>\n<p>Reagimi i Ram\u00ebs:<\/p>\n<p>Njohja e nd\u00ebrsjellt\u00eb e sigurimeve shoq\u00ebrore.<\/p>\n<p>N\u00ebnshkrimi i Marr\u00ebveshjes Kuad\u00ebr n\u00eb fush\u00ebn e mbrojtjes shoq\u00ebrore mes Ministres s\u00eb Financave dhe Ekonomis\u00eb Delina Ibrahimaj dhe Ministrit p\u00ebr \u00c7\u00ebshtjet e Brendshme, Sh\u00ebndet\u00ebsis\u00eb dhe Mbrojtjen Sociale t\u00eb Zvicr\u00ebs, Alain Berset.<\/p>\n<p>Shtetasit shqiptar\u00eb q\u00eb punojn\u00eb rregullisht n\u00eb Zvic\u00ebr, do t\u00eb p\u00ebrfitojn\u00eb pensionin me mbushjen e mosh\u00ebs, duke mos humbur asnj\u00eb dit\u00eb nga periudha kontributive.<\/p>\n","protected":false},"excerpt":{"rendered":"<p>Shtetasit shqiptar\u00eb q\u00eb punojn\u00eb rregullisht n\u00eb Zvic\u00ebr, do t\u00eb p\u00ebrfitojn\u00eb pensionin me mbushjen e mosh\u00ebs, duke mos humbur asnj\u00eb dit\u00eb nga periudha kontributive. Lajmi \u00ebsht\u00eb dh\u00ebn\u00eb nga kryeministri Edi Rama. Reagimi i Ram\u00ebs: Njohja e nd\u00ebrsjellt\u00eb e sigurimeve shoq\u00ebrore. N\u00ebnshkrimi i Marr\u00ebveshjes Kuad\u00ebr n\u00eb fush\u00ebn e mbrojtjes shoq\u00ebrore mes Ministres s\u00eb Financave dhe Ekonomis\u00eb Delina [&hellip;]<\/p>\n","protected":false},"author":2030,"featured_media":237906,"comment_status":"closed","ping_status":"closed","sticky":false,"template":"","format":"standard","meta":{"footnotes":""},"categories":[241,5380,231,1454],"tags":[],"class_list":{"0":"post-237905","1":"post","2":"type-post","3":"status-publish","4":"format-standard","5":"has-post-thumbnail","7":"category-aktualitet","8":"category-kryesore","9":"category-lajme","10":"category-politike"},"_links":{"self":[{"href":"https:\/\/zjarr.tv\/sq\/wp-json\/wp\/v2\/posts\/237905","targetHints":{"allow":["GET"]}}],"collection":[{"href":"https:\/\/zjarr.tv\/sq\/wp-json\/wp\/v2\/posts"}],"about":[{"href":"https:\/\/zjarr.tv\/sq\/wp-json\/wp\/v2\/types\/post"}],"author":[{"embeddable":true,"href":"https:\/\/zjarr.tv\/sq\/wp-json\/wp\/v2\/users\/2030"}],"replies":[{"embeddable":true,"href":"https:\/\/zjarr.tv\/sq\/wp-json\/wp\/v2\/comments?post=237905"}],"version-history":[{"count":0,"href":"https:\/\/zjarr.tv\/sq\/wp-json\/wp\/v2\/posts\/237905\/revisions"}],"wp:featuredmedia":[{"embeddable":true,"href":"https:\/\/zjarr.tv\/sq\/wp-json\/wp\/v2\/media\/237906"}],"wp:attachment":[{"href":"https:\/\/zjarr.tv\/sq\/wp-json\/wp\/v2\/media?parent=237905"}],"wp:term":[{"taxonomy":"category","embeddable":true,"href":"https:\/\/zjarr.tv\/sq\/wp-json\/wp\/v2\/categories?post=237905"},{"taxonomy":"post_tag","embeddable":true,"href":"https:\/\/zjarr.tv\/sq\/wp-json\/wp\/v2\/tags?post=237905"}],"curies":[{"name":"wp","href":"https:\/\/api.w.org\/{rel}","templated":true}]}}