{"id":237909,"date":"2022-02-18T17:34:15","date_gmt":"2022-02-18T16:34:15","guid":{"rendered":"https:\/\/zjarr.tv\/?p=237909"},"modified":"2022-02-18T17:34:15","modified_gmt":"2022-02-18T16:34:15","slug":"kandidate-per-ambasadore-ne-osbe-gjermeni-seance-degjimore-ne-komisionin-e-jashtem-perkushtimi-dhe-pergjegjshmeria-kryefjala-e-punes-sime","status":"publish","type":"post","link":"https:\/\/zjarr.tv\/sq\/kandidate-per-ambasadore-ne-osbe-gjermeni-seance-degjimore-ne-komisionin-e-jashtem-perkushtimi-dhe-pergjegjshmeria-kryefjala-e-punes-sime\/","title":{"rendered":"Kandidate p\u00ebr ambasadore n\u00eb OSBE, Gjermeni seanc\u00eb d\u00ebgjimore n\u00eb Komisionin e Jasht\u00ebm: P\u00ebrkushtimi dhe p\u00ebrgjegjshm\u00ebria, kryefjala e pun\u00ebs sime"},"content":{"rendered":"<p>Komisioni p\u00ebr Politik\u00ebn e Jashtme zhvilloi sot nj\u00eb seanc\u00eb d\u00ebgjimore me Eglantina Gjermenin, kandidate p\u00ebr ambasadore t\u00eb Jasht\u00ebzakonshme dhe Fuqiplot\u00eb t\u00eb Republik\u00ebs s\u00eb Shqip\u00ebris\u00eb pran\u00eb misionit t\u00eb OSBE-s\u00eb dhe organizatave nd\u00ebrkomb\u00ebtare n\u00eb Vjen\u00eb, rezident.<\/p>\n<p>I ftuar n\u00eb k\u00ebt\u00eb seanc\u00eb ishte edhe sekretari i P\u00ebrgjithsh\u00ebm i Ministris\u00eb p\u00ebr Evrop\u00ebn dhe Pun\u00ebt e Jashtme, Armand Skapi, i cili u shpreh se ky propozim vjen n\u00eb pajtim me dispozitat e ligjit \u201cP\u00ebr Sh\u00ebrbimin e Jasht\u00ebm t\u00eb Republik\u00ebs s\u00eb Shqip\u00ebris\u00eb\u201d.<\/p>\n<p>\u201cGjermeni ka nj\u00eb eksperienc\u00eb t\u00eb gjat\u00eb n\u00eb fush\u00ebn e marr\u00ebdh\u00ebnieve nd\u00ebrkomb\u00ebtare, si politike, ashtu edhe akademike\u201d, vuri n\u00eb dukje Skapi. Po ashtu, ai shtoi se kandidatja plot\u00ebson t\u00eb gjitha kriteret dhe pritshm\u00ebrit\u00eb p\u00ebr nj\u00eb performanc\u00eb t\u00eb suksesshme, n\u00eb funksion t\u00eb realizimit t\u00eb objektivave t\u00eb politik\u00ebs s\u00eb Jashtme, diplomacin\u00eb shum\u00ebpal\u00ebshe dhe ve\u00e7an\u00ebrisht n\u00eb raport me OSBE dhe organizatat nd\u00ebrkomb\u00ebtare, me seli n\u00eb Vjen\u00eb.<\/p>\n<p>Kandidatja Eglantina Gjermeni vler\u00ebsoi se \u201cShqip\u00ebria po sh\u00ebrben si an\u00ebtare jo e p\u00ebrhershme e K\u00ebshillit t\u00eb Sigurimit p\u00ebr periudh\u00ebn 2022-2023 dhe kjo \u00ebsht\u00eb nj\u00eb arritje historike, si\u00e7 \u00ebsht\u00eb po ashtu dhe kryesimi me sukses i OSBE-s\u00eb\u201d.<\/p>\n<p>\u201cP\u00ebrkushtimi, p\u00ebrgjegjshm\u00ebria dhe puna ime do t\u00eb jen\u00eb maksimale p\u00ebr t\u00eb thelluar bashk\u00ebpunimin me Organizat\u00ebn e OSBE-s\u00eb, pjes\u00ebmarrjen aktive n\u00eb forume por edhe me shtetet an\u00ebtare t\u00eb saj. Rritja e profilit t\u00eb Shqip\u00ebris\u00eb dhe rolit aktiv t\u00eb saj n\u00eb OSBE, por edhe n\u00eb organizatat e tjera nd\u00ebrkomb\u00ebtare, do t\u00eb jen\u00eb fokusi i pun\u00ebs dhe misionit tim n\u00eb Vjen\u00eb\u201d, theksoi Gjermeni.<\/p>\n<p>Mbledhja vazhdoi me pyetje-p\u00ebrgjigje dhe komente t\u00eb ndryshme midis an\u00ebtar\u00ebve t\u00eb komisionit dhe kandidates Gjermeni.<\/p>\n","protected":false},"excerpt":{"rendered":"<p>Komisioni p\u00ebr Politik\u00ebn e Jashtme zhvilloi sot nj\u00eb seanc\u00eb d\u00ebgjimore me Eglantina Gjermenin, kandidate p\u00ebr ambasadore t\u00eb Jasht\u00ebzakonshme dhe Fuqiplot\u00eb t\u00eb Republik\u00ebs s\u00eb Shqip\u00ebris\u00eb pran\u00eb misionit t\u00eb OSBE-s\u00eb dhe organizatave nd\u00ebrkomb\u00ebtare n\u00eb Vjen\u00eb, rezident. I ftuar n\u00eb k\u00ebt\u00eb seanc\u00eb ishte edhe sekretari i P\u00ebrgjithsh\u00ebm i Ministris\u00eb p\u00ebr Evrop\u00ebn dhe Pun\u00ebt e Jashtme, Armand Skapi, i [&hellip;]<\/p>\n","protected":false},"author":2030,"featured_media":237910,"comment_status":"closed","ping_status":"closed","sticky":false,"template":"","format":"standard","meta":{"footnotes":""},"categories":[241,3366,5380,1454],"tags":[],"class_list":{"0":"post-237909","1":"post","2":"type-post","3":"status-publish","4":"format-standard","5":"has-post-thumbnail","7":"category-aktualitet","8":"category-koment","9":"category-kryesore","10":"category-politike"},"_links":{"self":[{"href":"https:\/\/zjarr.tv\/sq\/wp-json\/wp\/v2\/posts\/237909","targetHints":{"allow":["GET"]}}],"collection":[{"href":"https:\/\/zjarr.tv\/sq\/wp-json\/wp\/v2\/posts"}],"about":[{"href":"https:\/\/zjarr.tv\/sq\/wp-json\/wp\/v2\/types\/post"}],"author":[{"embeddable":true,"href":"https:\/\/zjarr.tv\/sq\/wp-json\/wp\/v2\/users\/2030"}],"replies":[{"embeddable":true,"href":"https:\/\/zjarr.tv\/sq\/wp-json\/wp\/v2\/comments?post=237909"}],"version-history":[{"count":0,"href":"https:\/\/zjarr.tv\/sq\/wp-json\/wp\/v2\/posts\/237909\/revisions"}],"wp:featuredmedia":[{"embeddable":true,"href":"https:\/\/zjarr.tv\/sq\/wp-json\/wp\/v2\/media\/237910"}],"wp:attachment":[{"href":"https:\/\/zjarr.tv\/sq\/wp-json\/wp\/v2\/media?parent=237909"}],"wp:term":[{"taxonomy":"category","embeddable":true,"href":"https:\/\/zjarr.tv\/sq\/wp-json\/wp\/v2\/categories?post=237909"},{"taxonomy":"post_tag","embeddable":true,"href":"https:\/\/zjarr.tv\/sq\/wp-json\/wp\/v2\/tags?post=237909"}],"curies":[{"name":"wp","href":"https:\/\/api.w.org\/{rel}","templated":true}]}}