{"id":237913,"date":"2022-02-18T17:37:25","date_gmt":"2022-02-18T16:37:25","guid":{"rendered":"https:\/\/zjarr.tv\/?p=237913"},"modified":"2022-02-18T17:37:25","modified_gmt":"2022-02-18T16:37:25","slug":"klodiana-lala-zbardh-detaje-te-reja-nga-marrja-ne-pyetje-e-alqi-bllakos-dhe-armando-subashit-ky-eshte-personi-kyc-pritet-te-kete-urdher-arresti","status":"publish","type":"post","link":"https:\/\/zjarr.tv\/sq\/klodiana-lala-zbardh-detaje-te-reja-nga-marrja-ne-pyetje-e-alqi-bllakos-dhe-armando-subashit-ky-eshte-personi-kyc-pritet-te-kete-urdher-arresti\/","title":{"rendered":"Klodiana Lala zbardh detaje t\u00eb reja nga marrja n\u00eb pyetje e Alqi Bllakos dhe Armando Subashit: Ky \u00ebsht\u00eb personi ky\u00e7. Pritet t\u00eb ket\u00eb urdh\u00ebr-arresti"},"content":{"rendered":"<p>Gazetarja Klodiana Lala ka dh\u00ebn\u00eb detaje t\u00eb reja n\u00eb lidhje me marrjen n\u00eb pyetje t\u00eb deputetit Alqi Bllako dhe kryebashkiakut Armando Subashi, lidhur me rolin e tyre mbi inceneratorin e Fierit.<\/p>\n<p>Lala tha se SPAK ka pyetur dje, p\u00ebr rreth 3 or\u00eb e gjysm\u00eb, deputetin Alqi Bllako, pasi sipas saj, ai \u00ebsht\u00eb personi ky\u00e7 n\u00eb gjith\u00eb historin\u00eb e mega-afer\u00ebs s\u00eb incenerator\u00ebve, pasi ka qen\u00eb Sekretar i P\u00ebrgjithsh\u00ebm i Ministris\u00eb s\u00eb Mjedisit, si dhe drejtori q\u00eb ka firmosur transferimin e mbetjeve t\u00eb Durr\u00ebsit n\u00eb Tiran\u00eb.<\/p>\n<p>Sa i p\u00ebrket marrjes n\u00eb pyetje t\u00eb Subashit, Lala deklaroi se \u201cRezulton se Subashi ka qen\u00eb dakord p\u00ebr ngritjen e inceneratorit, po ka ndryshuar destinacionin p\u00ebr k\u00ebt\u00eb incenerator. N\u00eb momentin e nd\u00ebrrimit t\u00eb destinacionit, ka dyshime se \u00ebsht\u00eb b\u00ebr\u00eb edhe nj\u00eb d\u00ebm. P\u00ebr k\u00ebt\u00eb po pyetet Subashi\u201d, duke paralajm\u00ebruar se \u201cPritet q\u00eb s\u00eb shpejti t\u00eb ket\u00eb dhe urdh\u00ebr-arreste t\u00eb tjera lidhur me k\u00ebt\u00eb mega-afer\u00eb\u201d.<\/p>\n<p>\u201cMega-afera e incnerator\u00ebve \u00ebsht\u00eb nj\u00eb nga \u00e7\u00ebshtjet m\u00eb t\u00eb nxehta, pasi b\u00ebhet fjal\u00eb p\u00ebr nj\u00eb d\u00ebm rreth 430 milion\u00eb euro. SPKA po vijon hetimet n\u00eb lidhje me k\u00ebt\u00eb mega-afer\u00eb. SPAK vijon hetimet p\u00ebr t\u00eb tre incenerator\u00ebt. N\u00eb inceneratorin e Elbasanit \u00ebsht\u00eb arrestuar Lefter Koka dhe shpallur n\u00eb k\u00ebrkim Stela Gugallja, Klodian Zoto, si dhe ka persona t\u00eb tjer\u00eb t\u00eb dyshuar. Prokuroria vijon hetimet edhe p\u00ebr inceneratorin e Fierit. N\u00eb kuad\u00ebr t\u00eb k\u00ebtij hetimi \u00ebsht\u00eb thirrur p\u00ebr t\u2019u marr\u00eb n\u00eb pyetje Armando Subashi. Rezulton se Subashi ka qen\u00eb dakord p\u00ebr ngritjen e inceneratorint, po ka ndryshuar destinacionin p\u00ebr k\u00ebt\u00eb incenerator. N\u00eb momentin e nd\u00ebrrimit t\u00eb destinacionit, ka dyshime se \u00ebsht\u00eb b\u00ebr\u00eb edhe nj\u00eb d\u00ebm. P\u00ebr k\u00ebt\u00eb po pyetet Subashi. Ai \u00ebsht\u00eb duke u pyetur nga hetuesit e BKH dhe prokurori q\u00eb po b\u00ebn hetime n\u00eb inceneratorin e Fierit.<\/p>\n<p>Nd\u00ebrkoh\u00eb, burime nga SPAK b\u00ebj\u00eb me dije se nj\u00eb dit\u00eb m\u00eb par\u00eb \u00ebsht\u00eb pyetur edhe Alqi Ballko. Ky \u00ebsht\u00eb njeriu ky\u00e7 n\u00eb gjith\u00eb k\u00ebt\u00eb histori, si sekretar i p\u00ebrgjithsh\u00ebm i Ministris\u00eb s\u00eb Mjedisit, pasi \u00ebsht\u00eb marr\u00eb me t\u00eb gjitha procedurat. Ai ka qen\u00eb dhe drejtori q\u00eb hodhi firm\u00ebn q\u00eb mbetjet e Durr\u00ebsit t\u00eb transferoheshin n\u00eb inceneratorin e Tiran\u00ebs. Ai ka dh\u00ebn\u00eb d\u00ebshmi p\u00ebr 3 or\u00eb e gjysm\u00eb dhe burime thon\u00eb se ka dh\u00ebn\u00eb shpjegime p\u00ebr pun\u00ebn e inceneratorit. Duhet sqaruar se sa i p\u00ebrket afer\u00ebs s\u00eb incenerator\u00ebve, deri tani shteti shqiptar ka paguar 90 milion\u00eb euro p\u00ebr kompanit\u00eb koncesionare dhe vijon pagesat. N\u00ebse k\u00ebto pagesa nuk nd\u00ebrpriten, sipas KLSH, p\u00ebrllogaritet q\u00eb tre kompanit\u00eb do t\u00eb marrin afro 430 milion\u00eb euro\u201d, tha gazetarja Lala.<\/p>\n","protected":false},"excerpt":{"rendered":"<p>Gazetarja Klodiana Lala ka dh\u00ebn\u00eb detaje t\u00eb reja n\u00eb lidhje me marrjen n\u00eb pyetje t\u00eb deputetit Alqi Bllako dhe kryebashkiakut Armando Subashi, lidhur me rolin e tyre mbi inceneratorin e Fierit. Lala tha se SPAK ka pyetur dje, p\u00ebr rreth 3 or\u00eb e gjysm\u00eb, deputetin Alqi Bllako, pasi sipas saj, ai \u00ebsht\u00eb personi ky\u00e7 n\u00eb [&hellip;]<\/p>\n","protected":false},"author":2030,"featured_media":237915,"comment_status":"closed","ping_status":"closed","sticky":false,"template":"","format":"standard","meta":{"footnotes":""},"categories":[241,5380,231,1454],"tags":[],"class_list":{"0":"post-237913","1":"post","2":"type-post","3":"status-publish","4":"format-standard","5":"has-post-thumbnail","7":"category-aktualitet","8":"category-kryesore","9":"category-lajme","10":"category-politike"},"_links":{"self":[{"href":"https:\/\/zjarr.tv\/sq\/wp-json\/wp\/v2\/posts\/237913","targetHints":{"allow":["GET"]}}],"collection":[{"href":"https:\/\/zjarr.tv\/sq\/wp-json\/wp\/v2\/posts"}],"about":[{"href":"https:\/\/zjarr.tv\/sq\/wp-json\/wp\/v2\/types\/post"}],"author":[{"embeddable":true,"href":"https:\/\/zjarr.tv\/sq\/wp-json\/wp\/v2\/users\/2030"}],"replies":[{"embeddable":true,"href":"https:\/\/zjarr.tv\/sq\/wp-json\/wp\/v2\/comments?post=237913"}],"version-history":[{"count":0,"href":"https:\/\/zjarr.tv\/sq\/wp-json\/wp\/v2\/posts\/237913\/revisions"}],"wp:featuredmedia":[{"embeddable":true,"href":"https:\/\/zjarr.tv\/sq\/wp-json\/wp\/v2\/media\/237915"}],"wp:attachment":[{"href":"https:\/\/zjarr.tv\/sq\/wp-json\/wp\/v2\/media?parent=237913"}],"wp:term":[{"taxonomy":"category","embeddable":true,"href":"https:\/\/zjarr.tv\/sq\/wp-json\/wp\/v2\/categories?post=237913"},{"taxonomy":"post_tag","embeddable":true,"href":"https:\/\/zjarr.tv\/sq\/wp-json\/wp\/v2\/tags?post=237913"}],"curies":[{"name":"wp","href":"https:\/\/api.w.org\/{rel}","templated":true}]}}