{"id":237938,"date":"2022-02-18T18:34:36","date_gmt":"2022-02-18T17:34:36","guid":{"rendered":"https:\/\/zjarr.tv\/?p=237938"},"modified":"2022-02-18T18:34:36","modified_gmt":"2022-02-18T17:34:36","slug":"pse-i-niset-denoncimet-per-inat-te-lefter-kokes-qe-iu-tradhtoi-gazetari-i-ben-pyetjen-provokuese-shperthen-briseida-shehaj-dhe-zbulon-si","status":"publish","type":"post","link":"https:\/\/zjarr.tv\/sq\/pse-i-niset-denoncimet-per-inat-te-lefter-kokes-qe-iu-tradhtoi-gazetari-i-ben-pyetjen-provokuese-shperthen-briseida-shehaj-dhe-zbulon-si\/","title":{"rendered":"\u201cPse i nis\u00ebt denoncimet, p\u00ebr inat t\u00eb Lefter Kok\u00ebs q\u00eb iu tradhtoi?\u201d\/ Gazetari i b\u00ebn pyetjen provokuese, shp\u00ebrthen Briseida Shehaj dhe zbulon si&#8230;"},"content":{"rendered":"<p>Eksponentja e LSI, Briseida Shehaj, e ftuar n\u00eb emisionin &#8220;T\u00eb Paekspozuarit&#8221; ka deklaruar se ka marr\u00eb k\u00ebrc\u00ebnime, pas denoncimeve q\u00eb ka b\u00ebr\u00eb p\u00ebr afer\u00ebn e incenerator\u00ebve. Shehaj tha se e kan\u00eb k\u00ebrc\u00ebnuar duke i d\u00ebrguar fotografin\u00eb e mbes\u00ebs s\u00eb saj. Ajo u \u00ebsht\u00eb drejtuar autoriteteve p\u00ebr t\u00eb denoncuar k\u00ebrc\u00ebnimin.<\/p>\n<p>Pjes\u00eb nga biseda:<\/p>\n<p>Ylli Rakipi: Mos ndoshta ju t\u00eb LSI,\u00a0 i nis\u00ebt k\u00ebto denoncime, p\u00ebr inat t\u00eb Lefter Kok\u00ebs q\u00eb ju tradhtoi?<\/p>\n<p>Briseida Shehaj: Ne q\u00eb b\u00ebjm\u00eb k\u00ebto denoncime marrim edhe kosto. N\u00ebse do t\u00eb merremi p\u00ebrse e b\u00ebri Meta dhe Monika p\u00ebr Lefter Kok\u00ebn, nuk m\u00eb intereson. Kemi ardhur t\u00eb zbardhim k\u00ebt\u00eb gj\u00eb. Prokuroria kur fakton 3.7 milion\u00eb euro, si ka mund\u00ebsi asnj\u00eb nga k\u00ebta nuk \u00ebsht\u00eb n\u00eb burg?<\/p>\n<p>Ylli Rakipi: U tha se ju jeni k\u00ebrc\u00ebnuar. \u00cbsht\u00eb e v\u00ebrtet\u00eb?<\/p>\n<p>Briseida Shehaj: Po e v\u00ebrtet\u00eb \u00ebsht\u00eb, kam b\u00ebr\u00eb kall\u00ebzim. K\u00ebta nga Durr\u00ebsi q\u00eb nxorra emrat n\u00eb emision dhe vendimet e gjykatava.<\/p>\n<p>Ylli Rakipi: Si t\u00eb kan\u00eb k\u00ebrc\u00ebnuar?<\/p>\n<p>Briseida Shehaj: Po hi\u00e7, kishin qef t\u00eb merrnin foto t\u00eb mbes\u00ebs time.. edhe do na vrisnin. Un\u00eb i drejtohem prokuroris\u00eb. Nuk jam vet\u00ebm un\u00eb, por edhe t\u00eb tjer\u00eb q\u00eb po marrin k\u00ebrc\u00ebnime.<\/p>\n","protected":false},"excerpt":{"rendered":"<p>Eksponentja e LSI, Briseida Shehaj, e ftuar n\u00eb emisionin &#8220;T\u00eb Paekspozuarit&#8221; ka deklaruar se ka marr\u00eb k\u00ebrc\u00ebnime, pas denoncimeve q\u00eb ka b\u00ebr\u00eb p\u00ebr afer\u00ebn e incenerator\u00ebve. Shehaj tha se e kan\u00eb k\u00ebrc\u00ebnuar duke i d\u00ebrguar fotografin\u00eb e mbes\u00ebs s\u00eb saj. Ajo u \u00ebsht\u00eb drejtuar autoriteteve p\u00ebr t\u00eb denoncuar k\u00ebrc\u00ebnimin. Pjes\u00eb nga biseda: Ylli Rakipi: Mos [&hellip;]<\/p>\n","protected":false},"author":2030,"featured_media":237939,"comment_status":"closed","ping_status":"closed","sticky":false,"template":"","format":"standard","meta":{"footnotes":""},"categories":[241,3366,5380,231,1454],"tags":[],"class_list":{"0":"post-237938","1":"post","2":"type-post","3":"status-publish","4":"format-standard","5":"has-post-thumbnail","7":"category-aktualitet","8":"category-koment","9":"category-kryesore","10":"category-lajme","11":"category-politike"},"_links":{"self":[{"href":"https:\/\/zjarr.tv\/sq\/wp-json\/wp\/v2\/posts\/237938","targetHints":{"allow":["GET"]}}],"collection":[{"href":"https:\/\/zjarr.tv\/sq\/wp-json\/wp\/v2\/posts"}],"about":[{"href":"https:\/\/zjarr.tv\/sq\/wp-json\/wp\/v2\/types\/post"}],"author":[{"embeddable":true,"href":"https:\/\/zjarr.tv\/sq\/wp-json\/wp\/v2\/users\/2030"}],"replies":[{"embeddable":true,"href":"https:\/\/zjarr.tv\/sq\/wp-json\/wp\/v2\/comments?post=237938"}],"version-history":[{"count":0,"href":"https:\/\/zjarr.tv\/sq\/wp-json\/wp\/v2\/posts\/237938\/revisions"}],"wp:featuredmedia":[{"embeddable":true,"href":"https:\/\/zjarr.tv\/sq\/wp-json\/wp\/v2\/media\/237939"}],"wp:attachment":[{"href":"https:\/\/zjarr.tv\/sq\/wp-json\/wp\/v2\/media?parent=237938"}],"wp:term":[{"taxonomy":"category","embeddable":true,"href":"https:\/\/zjarr.tv\/sq\/wp-json\/wp\/v2\/categories?post=237938"},{"taxonomy":"post_tag","embeddable":true,"href":"https:\/\/zjarr.tv\/sq\/wp-json\/wp\/v2\/tags?post=237938"}],"curies":[{"name":"wp","href":"https:\/\/api.w.org\/{rel}","templated":true}]}}