{"id":237957,"date":"2022-02-18T21:06:21","date_gmt":"2022-02-18T20:06:21","guid":{"rendered":"https:\/\/zjarr.tv\/?p=237957"},"modified":"2022-02-18T21:06:21","modified_gmt":"2022-02-18T20:06:21","slug":"olta-xhacka-ngaterron-procedurat-nuk-e-con-emrin-e-gjermenit-ne-kuvend-e-korrigjon-meta","status":"publish","type":"post","link":"https:\/\/zjarr.tv\/sq\/olta-xhacka-ngaterron-procedurat-nuk-e-con-emrin-e-gjermenit-ne-kuvend-e-korrigjon-meta\/","title":{"rendered":"Olta Xha\u00e7ka ngat\u00ebrron procedurat, nuk e \u00e7on emrin e Gjermenit n\u00eb Kuvend, e korrigjon Meta"},"content":{"rendered":"<p>Ish-deputetja socialiste Eglantina Gjermeni pritet q\u00eb t\u00eb marr\u00eb p\u00eblqimin e presidentit Ilir Meta p\u00ebr t\u00eb p\u00ebrfaq\u00ebsuar Shqip\u00ebrin\u00eb n\u00eb misionin e OSBE-s\u00eb (Organization for Security and Co-operation in Europe), fill pasi mori dakord\u00ebsimin nga Parlamenti. Por kjo procedur\u00eb \u00ebsht\u00eb ngat\u00ebrruar nga Ministria e Pun\u00ebve t\u00eb Jashtme dhe Olta Xha\u00e7ka, e cila me q\u00ebllim ose n\u00eb munges\u00eb t\u00eb njohuris\u00eb p\u00ebr procedurat, ka tentuar ta p\u00ebrjashtoj\u00eb Parlamentin duke e \u00e7uar emrin e Gjermenit vet\u00ebm n\u00eb zyr\u00ebn e Kreut t\u00eb Shtetit.<\/p>\n<p>Sipas \u201cOra Ne\u00ebs\u201c, ishte Presidenca, institucioni q\u00eb ka v\u00ebn\u00eb re \u201cgabimin\u201d duke k\u00ebrkuar q\u00eb em\u00ebrimi i ambasadores s\u00eb re n\u00eb OSBE t\u00eb kaloj\u00eb fillimisht n\u00eb Parlament p\u00ebr t\u00eb marr\u00eb p\u00eblqimin e tij dhe m\u00eb pas t\u00eb dekretohet nga Ilir Meta.<\/p>\n<p>Socialistja, e cila nuk garoi p\u00ebr nj\u00eb mandat n\u00eb Kuvend n\u00eb zgjedhjet parlamentare t\u00eb 25 prillit, Eglantina Gjermeni pritet t\u00eb z\u00ebvend\u00ebsoj\u00eb Igli Hasanin p\u00ebr t\u00eb p\u00ebrfaq\u00ebsuar Shqip\u00ebrin\u00eb n\u00eb misionin e OSBE-s\u00eb. Por duhet \u201cdrita jeshile\u201d nga kreu i shtetit.<\/p>\n","protected":false},"excerpt":{"rendered":"<p>Ish-deputetja socialiste Eglantina Gjermeni pritet q\u00eb t\u00eb marr\u00eb p\u00eblqimin e presidentit Ilir Meta p\u00ebr t\u00eb p\u00ebrfaq\u00ebsuar Shqip\u00ebrin\u00eb n\u00eb misionin e OSBE-s\u00eb (Organization for Security and Co-operation in Europe), fill pasi mori dakord\u00ebsimin nga Parlamenti. Por kjo procedur\u00eb \u00ebsht\u00eb ngat\u00ebrruar nga Ministria e Pun\u00ebve t\u00eb Jashtme dhe Olta Xha\u00e7ka, e cila me q\u00ebllim ose n\u00eb munges\u00eb [&hellip;]<\/p>\n","protected":false},"author":2031,"featured_media":160765,"comment_status":"closed","ping_status":"closed","sticky":false,"template":"","format":"standard","meta":{"footnotes":""},"categories":[231],"tags":[],"class_list":{"0":"post-237957","1":"post","2":"type-post","3":"status-publish","4":"format-standard","5":"has-post-thumbnail","7":"category-lajme"},"_links":{"self":[{"href":"https:\/\/zjarr.tv\/sq\/wp-json\/wp\/v2\/posts\/237957","targetHints":{"allow":["GET"]}}],"collection":[{"href":"https:\/\/zjarr.tv\/sq\/wp-json\/wp\/v2\/posts"}],"about":[{"href":"https:\/\/zjarr.tv\/sq\/wp-json\/wp\/v2\/types\/post"}],"author":[{"embeddable":true,"href":"https:\/\/zjarr.tv\/sq\/wp-json\/wp\/v2\/users\/2031"}],"replies":[{"embeddable":true,"href":"https:\/\/zjarr.tv\/sq\/wp-json\/wp\/v2\/comments?post=237957"}],"version-history":[{"count":0,"href":"https:\/\/zjarr.tv\/sq\/wp-json\/wp\/v2\/posts\/237957\/revisions"}],"wp:featuredmedia":[{"embeddable":true,"href":"https:\/\/zjarr.tv\/sq\/wp-json\/wp\/v2\/media\/160765"}],"wp:attachment":[{"href":"https:\/\/zjarr.tv\/sq\/wp-json\/wp\/v2\/media?parent=237957"}],"wp:term":[{"taxonomy":"category","embeddable":true,"href":"https:\/\/zjarr.tv\/sq\/wp-json\/wp\/v2\/categories?post=237957"},{"taxonomy":"post_tag","embeddable":true,"href":"https:\/\/zjarr.tv\/sq\/wp-json\/wp\/v2\/tags?post=237957"}],"curies":[{"name":"wp","href":"https:\/\/api.w.org\/{rel}","templated":true}]}}