{"id":238334,"date":"2022-02-20T19:18:16","date_gmt":"2022-02-20T18:18:16","guid":{"rendered":"https:\/\/zjarr.tv\/?p=238334"},"modified":"2022-02-20T19:18:16","modified_gmt":"2022-02-20T18:18:16","slug":"prag-lufte-perfundon-telefonata-mes-putin-dhe-macron-per-cfare-rane-dakord","status":"publish","type":"post","link":"https:\/\/zjarr.tv\/sq\/prag-lufte-perfundon-telefonata-mes-putin-dhe-macron-per-cfare-rane-dakord\/","title":{"rendered":"Prag lufte\/ P\u00ebrfundon telefonata mes Putin dhe Macron, p\u00ebr \u00e7far\u00eb ran\u00eb dakord"},"content":{"rendered":"<p>Presidenti francez Emmanuel Macron dhe ai i Rusis\u00eb Vladimir Putin ran\u00eb dakord t\u00eb diel\u00ebn p\u00ebr \u201cp\u00ebr t\u00eb mund\u00ebsuar mbajtjen e nj\u00eb takimi t\u00eb Grupit Trepal\u00ebsh s\u00eb shpejti\u201d, tha Pallati Elys\u00e9e. N\u00eb deklarat\u00ebn e Elys\u00e9e thuhet se q\u00ebllimi i takimit do t\u00eb ishte angazhimi nga t\u00eb gjitha pal\u00ebt p\u00ebr arm\u00ebpushim.<\/p>\n<p>Grupi Trepal\u00ebsh i Kontaktit p\u00ebrfshin p\u00ebrfaq\u00ebsues nga Ukraina, Federata Ruse dhe Organizata p\u00ebr Siguri dhe Bashk\u00ebpunim n\u00eb Evrop\u00eb (OSBE.<\/p>\n<p>Sipas deklarat\u00ebs, t\u00eb dy lider\u00ebt ran\u00eb dakord p\u00ebr nevoj\u00ebn p\u00ebr t\u2019i dh\u00ebn\u00eb p\u00ebrpar\u00ebsi nj\u00eb zgjidhjeje diplomatike t\u00eb kriz\u00ebs aktuale dhe p\u00ebr t\u00eb b\u00ebr\u00eb gjith\u00e7ka q\u00eb \u00ebsht\u00eb e mundur p\u00ebr ta arritur at\u00eb, raporton CNN.<\/p>\n<p>Presidenca franceze tha se \u201cpun\u00eb intensive diplomatike do t\u00eb kryhet n\u00eb dit\u00ebt dhe jav\u00ebt e ardhshme\u201d, me ministrin e Jasht\u00ebm francez Jean-Yves Le Drian dhe homologun e tij rus Sergej Lavrov q\u00eb do t\u00eb takohen s\u00eb shpejti.<\/p>\n<p>\u201cPutin faj\u00ebson Ukrain\u00ebn p\u00ebr ng\u00ebr\u00e7in n\u00eb negociata, nd\u00ebrsa presidenti francez i kujtoi se Ukraina nuk do t\u00eb negocioj\u00eb drejtp\u00ebrdrejt me separatist\u00ebt\u201d, shtoi burimi.<\/p>\n<p>Deklarata shton se Macron dhe Putin kishin marr\u00eb \u201cangazhime t\u00eb forta p\u00ebr t\u00eb nd\u00ebrmarr\u00eb t\u00eb gjitha veprimet e dobishme p\u00ebr t\u00eb shmangur p\u00ebrshkall\u00ebzimin, p\u00ebr t\u00eb zvog\u00ebluar rreziqet dhe p\u00ebr t\u00eb ruajtur paqen\u201d.<\/p>\n","protected":false},"excerpt":{"rendered":"<p>Presidenti francez Emmanuel Macron dhe ai i Rusis\u00eb Vladimir Putin ran\u00eb dakord t\u00eb diel\u00ebn p\u00ebr \u201cp\u00ebr t\u00eb mund\u00ebsuar mbajtjen e nj\u00eb takimi t\u00eb Grupit Trepal\u00ebsh s\u00eb shpejti\u201d, tha Pallati Elys\u00e9e. N\u00eb deklarat\u00ebn e Elys\u00e9e thuhet se q\u00ebllimi i takimit do t\u00eb ishte angazhimi nga t\u00eb gjitha pal\u00ebt p\u00ebr arm\u00ebpushim. Grupi Trepal\u00ebsh i Kontaktit p\u00ebrfshin p\u00ebrfaq\u00ebsues [&hellip;]<\/p>\n","protected":false},"author":2030,"featured_media":238335,"comment_status":"closed","ping_status":"closed","sticky":false,"template":"","format":"standard","meta":{"footnotes":""},"categories":[241,191],"tags":[],"class_list":{"0":"post-238334","1":"post","2":"type-post","3":"status-publish","4":"format-standard","5":"has-post-thumbnail","7":"category-aktualitet","8":"category-bota"},"_links":{"self":[{"href":"https:\/\/zjarr.tv\/sq\/wp-json\/wp\/v2\/posts\/238334","targetHints":{"allow":["GET"]}}],"collection":[{"href":"https:\/\/zjarr.tv\/sq\/wp-json\/wp\/v2\/posts"}],"about":[{"href":"https:\/\/zjarr.tv\/sq\/wp-json\/wp\/v2\/types\/post"}],"author":[{"embeddable":true,"href":"https:\/\/zjarr.tv\/sq\/wp-json\/wp\/v2\/users\/2030"}],"replies":[{"embeddable":true,"href":"https:\/\/zjarr.tv\/sq\/wp-json\/wp\/v2\/comments?post=238334"}],"version-history":[{"count":0,"href":"https:\/\/zjarr.tv\/sq\/wp-json\/wp\/v2\/posts\/238334\/revisions"}],"wp:featuredmedia":[{"embeddable":true,"href":"https:\/\/zjarr.tv\/sq\/wp-json\/wp\/v2\/media\/238335"}],"wp:attachment":[{"href":"https:\/\/zjarr.tv\/sq\/wp-json\/wp\/v2\/media?parent=238334"}],"wp:term":[{"taxonomy":"category","embeddable":true,"href":"https:\/\/zjarr.tv\/sq\/wp-json\/wp\/v2\/categories?post=238334"},{"taxonomy":"post_tag","embeddable":true,"href":"https:\/\/zjarr.tv\/sq\/wp-json\/wp\/v2\/tags?post=238334"}],"curies":[{"name":"wp","href":"https:\/\/api.w.org\/{rel}","templated":true}]}}