{"id":238378,"date":"2022-02-21T11:03:42","date_gmt":"2022-02-21T10:03:42","guid":{"rendered":"https:\/\/zjarr.tv\/?p=238378"},"modified":"2022-02-21T11:03:42","modified_gmt":"2022-02-21T10:03:42","slug":"banoret-qe-preken-nga-unaza-shkojne-tek-arrsh-dhe-kerkojne-informacion-protestuesi-paralajmeron-nese-szbatohet-ligji-do-marrim-masa","status":"publish","type":"post","link":"https:\/\/zjarr.tv\/sq\/banoret-qe-preken-nga-unaza-shkojne-tek-arrsh-dhe-kerkojne-informacion-protestuesi-paralajmeron-nese-szbatohet-ligji-do-marrim-masa\/","title":{"rendered":"Banor\u00ebt q\u00eb preken nga \u201cUnaza\u201d shkojn\u00eb tek ARRSH dhe k\u00ebrkojn\u00eb informacion, protestuesi paralajm\u00ebron: N\u00ebse s\u2019zbatohet ligji do marrim masa"},"content":{"rendered":"<p>Banor\u00ebt e Laprak\u00ebs q\u00eb preken nga projekti i Unaz\u00ebs jan\u00eb ngritur s\u00ebrish sot n\u00eb protest\u00eb dhe kan\u00eb shkuar para Autoritetit Rrugor Shqiptar.<\/p>\n<p>Ata kan\u00eb k\u00ebrkuar informacion n\u00eb lidhje me k\u00ebt\u00eb projekt, teksa than\u00eb se nuk do t\u00eb pranojn\u00eb banesa sociale.<\/p>\n<p>\u201cAsnj\u00eb objekt nuk do t\u00eb cenohet, deri n\u00eb momentin e p\u00ebrfundimit t\u00eb trajtimit t\u00eb \u00e7do pronari pasurie. Kjo \u00ebsht\u00eb e sigurt, sepse nuk ka ndodhur n\u00eb asnj\u00eb projekt. N\u00ebse ka nj\u00eb banor, se \u00ebsht\u00eb cenuar, ka gjith\u00eb t\u00eb drejt\u00ebn ligjore t\u00eb vij\u00eb t\u00eb ankohet. Ne si subjekt q\u00eb ndjekim pun\u00ebn n\u00eb terren, marrim masa ndaj kontraktor\u00ebve, por nuk besoj ta b\u00ebj\u00eb ndonj\u00eb kontraktor k\u00ebt\u00eb. Deri n\u00eb momentin e trajtimit sipas ligjit t\u00eb pronar\u00ebve, nuk ka p\u00ebr t\u2019u cenuar askush, sepse do merren t\u00eb gjitha masat p\u00ebr t\u2019u trajtuar t\u00eb gjith\u00eb. Un\u00eb kam p\u00ebr detyr\u00eb t\u2019iu sqaroj p\u00ebr ligjin e shpron\u00ebsimit, p\u00ebr t\u00eb tjerat b\u00ebni nj\u00eb k\u00ebrkes\u00eb me shkrim. Un\u00eb kaq e kam p\u00ebrgjegj\u00ebsin\u00eb time. Un\u00eb jam sektori p\u00ebr shpron\u00ebsime, mirupafshim\u201d tha punonj\u00ebsi i ARRSH.<\/p>\n<p>Nd\u00ebrsa nj\u00eb nga protestuesit u shpreh \u201cVijn\u00eb dhe sh\u00ebnjojn\u00eb banesat me t\u00eb kuqe, ky ishte shembulli par\u00eb. Hapat e radh\u00ebs duam t\u00eb shohim edhe VKM, nga mezi i jav\u00ebs se k\u00ebshtu \u00ebsht\u00eb tradita. Dhe n\u00eb baz\u00eb t\u00eb asaj do t\u00eb veprojm\u00eb. Dhe n\u00ebse ligji nuk zbatohet dhe ne do kemi masat ekstreme por demokratik, mund t\u00eb ngrihemi n\u00eb grev\u00eb n\u00eb protest\u00eb, por t\u00eb shkojm\u00eb edhe posht\u00eb sht\u00ebpis\u00eb s\u00eb tyre. Kan\u00eb nisur protestat q\u00eb m\u00eb 4 shtator dhe kemi k\u00ebrkuar cdo dit\u00eb q\u00eb t\u00eb ja japin informacion. Banese sociale askush nuk do t\u00eb pranoj\u00eb, q\u00eb \u00ebsht\u00eb q\u00eb kurr\u00eb nuk mund t\u00eb trash\u00ebgohet\u201d.<\/p>\n","protected":false},"excerpt":{"rendered":"<p>Banor\u00ebt e Laprak\u00ebs q\u00eb preken nga projekti i Unaz\u00ebs jan\u00eb ngritur s\u00ebrish sot n\u00eb protest\u00eb dhe kan\u00eb shkuar para Autoritetit Rrugor Shqiptar. Ata kan\u00eb k\u00ebrkuar informacion n\u00eb lidhje me k\u00ebt\u00eb projekt, teksa than\u00eb se nuk do t\u00eb pranojn\u00eb banesa sociale. \u201cAsnj\u00eb objekt nuk do t\u00eb cenohet, deri n\u00eb momentin e p\u00ebrfundimit t\u00eb trajtimit t\u00eb \u00e7do [&hellip;]<\/p>\n","protected":false},"author":2031,"featured_media":238380,"comment_status":"closed","ping_status":"closed","sticky":false,"template":"","format":"standard","meta":{"footnotes":""},"categories":[231],"tags":[],"class_list":{"0":"post-238378","1":"post","2":"type-post","3":"status-publish","4":"format-standard","5":"has-post-thumbnail","7":"category-lajme"},"_links":{"self":[{"href":"https:\/\/zjarr.tv\/sq\/wp-json\/wp\/v2\/posts\/238378","targetHints":{"allow":["GET"]}}],"collection":[{"href":"https:\/\/zjarr.tv\/sq\/wp-json\/wp\/v2\/posts"}],"about":[{"href":"https:\/\/zjarr.tv\/sq\/wp-json\/wp\/v2\/types\/post"}],"author":[{"embeddable":true,"href":"https:\/\/zjarr.tv\/sq\/wp-json\/wp\/v2\/users\/2031"}],"replies":[{"embeddable":true,"href":"https:\/\/zjarr.tv\/sq\/wp-json\/wp\/v2\/comments?post=238378"}],"version-history":[{"count":0,"href":"https:\/\/zjarr.tv\/sq\/wp-json\/wp\/v2\/posts\/238378\/revisions"}],"wp:featuredmedia":[{"embeddable":true,"href":"https:\/\/zjarr.tv\/sq\/wp-json\/wp\/v2\/media\/238380"}],"wp:attachment":[{"href":"https:\/\/zjarr.tv\/sq\/wp-json\/wp\/v2\/media?parent=238378"}],"wp:term":[{"taxonomy":"category","embeddable":true,"href":"https:\/\/zjarr.tv\/sq\/wp-json\/wp\/v2\/categories?post=238378"},{"taxonomy":"post_tag","embeddable":true,"href":"https:\/\/zjarr.tv\/sq\/wp-json\/wp\/v2\/tags?post=238378"}],"curies":[{"name":"wp","href":"https:\/\/api.w.org\/{rel}","templated":true}]}}