{"id":238393,"date":"2022-02-21T11:38:41","date_gmt":"2022-02-21T10:38:41","guid":{"rendered":"https:\/\/zjarr.tv\/?p=238393"},"modified":"2022-02-21T11:38:41","modified_gmt":"2022-02-21T10:38:41","slug":"ironia-e-cim-pekes-mos-besoni-genjeshtrat-e-medha-6-marsi-dita-e-rithemelimit-te-pluralizmit","status":"publish","type":"post","link":"https:\/\/zjarr.tv\/sq\/ironia-e-cim-pekes-mos-besoni-genjeshtrat-e-medha-6-marsi-dita-e-rithemelimit-te-pluralizmit\/","title":{"rendered":"Ironia e \u00c7im Pek\u00ebs: Mos besoni g\u00ebnjeshtrat e m\u00ebdha, 6 marsi, dita e rithemelimit t\u00eb pluralizmit"},"content":{"rendered":"<p>Gazetari \u00c7im Peka, ironizoi me ato q\u00eb i quan g\u00ebnjeshtrat e m\u00ebdha, pasi Lulzim Basha, deklaroi sot se ishte i pranish\u00ebm n\u00eb rr\u00ebzimin e bustit t\u00eb Enver Hoxh\u00ebs.<\/p>\n<p>Peka shkruan se nuk duhen besuar k\u00ebto g\u00ebnjeshtra dhe se \u201cSht\u00ebpia e Liris\u00eb\u201d, do rithemeloj\u00eb pluralizmin.<\/p>\n<p>\u201cG\u00ebnjeshtrat e m\u00ebdha!<\/p>\n<p>Rama thot\u00eb q\u00eb ka drejtuar mesh\u00ebn e par\u00eb<br \/>\nBasha thot\u00eb q\u00eb ka rr\u00ebzuar bustin e Hoxh\u00ebs<\/p>\n<p>Ngjela thot\u00eb q\u00eb FBI dhe DC konsultohet me t\u00eb<\/p>\n<p>Kim-Ahmetaj thon\u00eb q\u00eb do t\u00eb luftojn\u00eb korrupsionin.<\/p>\n<p>Gjekmarkaj, Zogaj, \u00c7upi, Spartak Braho, Dritan Hila, Taulant Balla e Fatos Klosi thon\u00eb q\u00eb do sjellin PD n\u00eb pushtet.<\/p>\n<p>6 Marsi dhe \u201cSht\u00ebpia e Liris\u00eb\u201d, dita e rithemelimit t\u00eb PLURALIZMIT. Mos b\u00ebsoni g\u00ebnjeshtrat e mshkruan ai.<\/p>\n","protected":false},"excerpt":{"rendered":"<p>Gazetari \u00c7im Peka, ironizoi me ato q\u00eb i quan g\u00ebnjeshtrat e m\u00ebdha, pasi Lulzim Basha, deklaroi sot se ishte i pranish\u00ebm n\u00eb rr\u00ebzimin e bustit t\u00eb Enver Hoxh\u00ebs. Peka shkruan se nuk duhen besuar k\u00ebto g\u00ebnjeshtra dhe se \u201cSht\u00ebpia e Liris\u00eb\u201d, do rithemeloj\u00eb pluralizmin. \u201cG\u00ebnjeshtrat e m\u00ebdha! Rama thot\u00eb q\u00eb ka drejtuar mesh\u00ebn e par\u00eb [&hellip;]<\/p>\n","protected":false},"author":2020,"featured_media":238394,"comment_status":"closed","ping_status":"closed","sticky":false,"template":"","format":"standard","meta":{"footnotes":""},"categories":[241,5380,231],"tags":[],"class_list":{"0":"post-238393","1":"post","2":"type-post","3":"status-publish","4":"format-standard","5":"has-post-thumbnail","7":"category-aktualitet","8":"category-kryesore","9":"category-lajme"},"_links":{"self":[{"href":"https:\/\/zjarr.tv\/sq\/wp-json\/wp\/v2\/posts\/238393","targetHints":{"allow":["GET"]}}],"collection":[{"href":"https:\/\/zjarr.tv\/sq\/wp-json\/wp\/v2\/posts"}],"about":[{"href":"https:\/\/zjarr.tv\/sq\/wp-json\/wp\/v2\/types\/post"}],"author":[{"embeddable":true,"href":"https:\/\/zjarr.tv\/sq\/wp-json\/wp\/v2\/users\/2020"}],"replies":[{"embeddable":true,"href":"https:\/\/zjarr.tv\/sq\/wp-json\/wp\/v2\/comments?post=238393"}],"version-history":[{"count":0,"href":"https:\/\/zjarr.tv\/sq\/wp-json\/wp\/v2\/posts\/238393\/revisions"}],"wp:featuredmedia":[{"embeddable":true,"href":"https:\/\/zjarr.tv\/sq\/wp-json\/wp\/v2\/media\/238394"}],"wp:attachment":[{"href":"https:\/\/zjarr.tv\/sq\/wp-json\/wp\/v2\/media?parent=238393"}],"wp:term":[{"taxonomy":"category","embeddable":true,"href":"https:\/\/zjarr.tv\/sq\/wp-json\/wp\/v2\/categories?post=238393"},{"taxonomy":"post_tag","embeddable":true,"href":"https:\/\/zjarr.tv\/sq\/wp-json\/wp\/v2\/tags?post=238393"}],"curies":[{"name":"wp","href":"https:\/\/api.w.org\/{rel}","templated":true}]}}