{"id":238413,"date":"2022-02-21T12:34:25","date_gmt":"2022-02-21T11:34:25","guid":{"rendered":"https:\/\/zjarr.tv\/?p=238413"},"modified":"2022-02-21T12:34:25","modified_gmt":"2022-02-21T11:34:25","slug":"partia-socialiste-zgjedh-bashkekryetarin-per-reformen-territoriale","status":"publish","type":"post","link":"https:\/\/zjarr.tv\/sq\/partia-socialiste-zgjedh-bashkekryetarin-per-reformen-territoriale\/","title":{"rendered":"Partia Socialiste zgjedh bashk\u00ebkryetarin p\u00ebr Reform\u00ebn Territoriale"},"content":{"rendered":"<p>Partia Socialiste ka caktuar deputetin Benet Beci si bashk\u00ebkryetar t\u00eb Komisionit p\u00ebr Reform\u00ebn Territoriale.<\/p>\n<p>Ai pritet ta ndaj\u00eb k\u00ebt\u00eb post me nj\u00eb p\u00ebrfaq\u00ebsues t\u00eb Partis\u00eb Demokratike, q\u00eb nuk \u00ebsht\u00eb zgjedhur ende.<\/p>\n<p>Ngritja e Komisionit p\u00ebr Reform\u00ebn Territoriale u votua n\u00eb parlament pas k\u00ebrkes\u00ebs s\u00eb PD-s\u00eb, nd\u00ebrsa an\u00ebtar\u00ebt e komisionit nuk jan\u00eb p\u00ebrcaktuar nga pal\u00ebt.<\/p>\n","protected":false},"excerpt":{"rendered":"<p>Partia Socialiste ka caktuar deputetin Benet Beci si bashk\u00ebkryetar t\u00eb Komisionit p\u00ebr Reform\u00ebn Territoriale. Ai pritet ta ndaj\u00eb k\u00ebt\u00eb post me nj\u00eb p\u00ebrfaq\u00ebsues t\u00eb Partis\u00eb Demokratike, q\u00eb nuk \u00ebsht\u00eb zgjedhur ende. Ngritja e Komisionit p\u00ebr Reform\u00ebn Territoriale u votua n\u00eb parlament pas k\u00ebrkes\u00ebs s\u00eb PD-s\u00eb, nd\u00ebrsa an\u00ebtar\u00ebt e komisionit nuk jan\u00eb p\u00ebrcaktuar nga pal\u00ebt.<\/p>\n","protected":false},"author":2020,"featured_media":238414,"comment_status":"closed","ping_status":"closed","sticky":false,"template":"","format":"standard","meta":{"footnotes":""},"categories":[241,5380,231],"tags":[],"class_list":{"0":"post-238413","1":"post","2":"type-post","3":"status-publish","4":"format-standard","5":"has-post-thumbnail","7":"category-aktualitet","8":"category-kryesore","9":"category-lajme"},"_links":{"self":[{"href":"https:\/\/zjarr.tv\/sq\/wp-json\/wp\/v2\/posts\/238413","targetHints":{"allow":["GET"]}}],"collection":[{"href":"https:\/\/zjarr.tv\/sq\/wp-json\/wp\/v2\/posts"}],"about":[{"href":"https:\/\/zjarr.tv\/sq\/wp-json\/wp\/v2\/types\/post"}],"author":[{"embeddable":true,"href":"https:\/\/zjarr.tv\/sq\/wp-json\/wp\/v2\/users\/2020"}],"replies":[{"embeddable":true,"href":"https:\/\/zjarr.tv\/sq\/wp-json\/wp\/v2\/comments?post=238413"}],"version-history":[{"count":0,"href":"https:\/\/zjarr.tv\/sq\/wp-json\/wp\/v2\/posts\/238413\/revisions"}],"wp:featuredmedia":[{"embeddable":true,"href":"https:\/\/zjarr.tv\/sq\/wp-json\/wp\/v2\/media\/238414"}],"wp:attachment":[{"href":"https:\/\/zjarr.tv\/sq\/wp-json\/wp\/v2\/media?parent=238413"}],"wp:term":[{"taxonomy":"category","embeddable":true,"href":"https:\/\/zjarr.tv\/sq\/wp-json\/wp\/v2\/categories?post=238413"},{"taxonomy":"post_tag","embeddable":true,"href":"https:\/\/zjarr.tv\/sq\/wp-json\/wp\/v2\/tags?post=238413"}],"curies":[{"name":"wp","href":"https:\/\/api.w.org\/{rel}","templated":true}]}}