{"id":238424,"date":"2022-02-21T13:35:07","date_gmt":"2022-02-21T12:35:07","guid":{"rendered":"https:\/\/zjarr.tv\/?p=238424"},"modified":"2022-02-21T13:35:07","modified_gmt":"2022-02-21T12:35:07","slug":"kellici-ministrja-austriake-ishte-zhgenjyer-veliaj-e-kishte-mashtruar","status":"publish","type":"post","link":"https:\/\/zjarr.tv\/sq\/kellici-ministrja-austriake-ishte-zhgenjyer-veliaj-e-kishte-mashtruar\/","title":{"rendered":"K\u00eblli\u00e7i: Ministrja austriake ishte zhg\u00ebnjyer, Veliaj e kishte mashtruar"},"content":{"rendered":"<p>Gazeta e njohur austriake, Der Standard, ka publikuar s\u00eb fundmi nj\u00eb reportazh nga Tirana, q\u00eb k\u00ebt\u00eb vit do jet\u00eb Kryeqyteti Evropian i Rinis\u00eb. Por q\u00eb n\u00eb titull, gazeta pikas paradoksin. \u200b&#8217;Tiran\u00ebs, kryeqytetit t\u00eb rinis\u00eb, po i ik\u00ebn rinia,&#8217; &#8211; shkruan gazetarja Antonia Ruth.<\/p>\n<p>Sipas saj, gjenerata e re e do integrimin evropian, por udh\u00ebheqja politike e vendit nuk e \u00e7on vendin para.<\/p>\n<p>P\u00ebr t\u00eb folur m\u00eb shum\u00eb n\u00eb lidhje me k\u00ebt\u00eb fenomen, ishte sot i ftuar n\u00eb emisionin e m\u00ebngjesit \u2018Kafe Shqeto\u2019 n\u00eb SYRI TV, deputeti i Partis\u00eb Demokratike, Belind K\u00eblli\u00e7i T\u00eb vjen keq n\u00eb nivelin e mashtrimit ku mund t\u00eb bjer\u00eb nj\u00eb politikan i ri, por t\u00eb vjen keq edhe kur shikon n\u00eb gjith\u00eb mediat nd\u00ebrkomb\u00ebtare, k\u00ebt\u00eb dis-balanc\u00eb mes realitetit dhe raporteve dhe marketingut q\u00eb b\u00ebn qeveria.<\/p>\n<p>Mbr\u00ebm\u00eb, jam kthyer nga nj\u00eb takim me t\u00eb rinjt\u00eb e Partis\u00eb Popullore Europiane dy ditor n\u00eb Rom\u00eb, ku takova ministren e Austris\u00eb p\u00ebr rinin\u00eb, Claudia Plakolm, e cila pak m\u00eb her\u00ebt ka takuar kryetarin e bashkis\u00eb Tiran\u00eb dhe t\u00eb vjen keq se nuk di as si t\u00eb reagosh n\u00eb k\u00ebto raste kur d\u00ebgjon se: Ore si ka mund\u00ebsi, takuam kryetarin e bashkis\u00eb s\u00eb Tiran\u00ebs dhe vet\u00ebm fliste, tregonte se \u00e7far\u00eb kishte b\u00ebr\u00eb p\u00ebr Tiran\u00ebn dhe nd\u00ebrkoh\u00eb dol\u00ebm n\u00eb Tiran\u00eb dhe nuk pam\u00eb asgj\u00eb nga gj\u00ebrat q\u00eb po na tregonte dhe shifnim vet\u00ebm njer\u00ebz n\u00eb mosh\u00eb t\u00eb madhe.<\/p>\n<p>Por pse ikin nga Shqip\u00ebria n\u00ebse Shqip\u00ebria do t\u00eb ishte kaq mir\u00eb dhe n\u00ebse Tirana v\u00ebrtet do t\u00eb ishte kryeqyteti i \u00ebndrrave? Fakti q\u00eb po ik\u00ebn elita e rinis\u00eb, si infermier\u00ebt dhe t\u00eb diplomuarit n\u00eb mjek\u00ebsi, p\u00ebr \u00e7do t\u00eb ri q\u00eb largohet, ekonomia jon\u00eb tkurret. Ok, t\u00eb rinjt\u00eb ikin p\u00ebr m\u00eb mir\u00eb, por realisht \u00ebsht\u00eb e v\u00ebshtir\u00eb t&#8217;ia dal\u00ebsh n\u00eb Tiran\u00eb, edhe t\u00eb rinjt\u00eb q\u00eb kan\u00eb nj\u00eb rrog\u00eb mesatare apo \u00e7iftet e reja ku t\u00eb dy partner\u00ebt punojn\u00eb, nuk mund t\u2019ia dalin dot n\u00eb kryeqytet.<\/p>\n<p>N\u00eb radh\u00eb t\u00eb par\u00eb, jan\u00eb \u00e7mimet e apartamenteve t\u00eb cilat jan\u00eb t\u00eb pap\u00ebrballueshme. \u00cbsht\u00eb e pap\u00ebrballueshme p\u00ebr nj\u00eb t\u00eb ri t\u00eb krijoj\u00eb nj\u00eb familje, t\u00eb marr\u00eb nj\u00eb sht\u00ebpi, t\u00eb mbaj\u00eb nj\u00eb makin\u00eb t\u00eb vog\u00ebl, t\u00eb b\u00ebj\u00eb pushime nj\u00ebher\u00eb n\u00eb vit, sepse dy her\u00eb mund t\u00eb quhet luks dhe t\u00eb arrij\u00eb t\u00eb p\u00ebrballoj\u00eb, larg qoft\u00eb nj\u00eb emergjenc\u00eb sh\u00ebndet\u00ebsore. Dhe k\u00ebto q\u00eb them jan\u00eb nevoja bazike dhe nuk ja del dot, le m\u00eb, p\u00ebr t\u00eb pasur nj\u00eb standart jetese m\u00eb t\u00eb lart\u00eb&#8221;, u shpreh K\u00eblli\u00e7i.<\/p>\n","protected":false},"excerpt":{"rendered":"<p>Gazeta e njohur austriake, Der Standard, ka publikuar s\u00eb fundmi nj\u00eb reportazh nga Tirana, q\u00eb k\u00ebt\u00eb vit do jet\u00eb Kryeqyteti Evropian i Rinis\u00eb. Por q\u00eb n\u00eb titull, gazeta pikas paradoksin. \u200b&#8217;Tiran\u00ebs, kryeqytetit t\u00eb rinis\u00eb, po i ik\u00ebn rinia,&#8217; &#8211; shkruan gazetarja Antonia Ruth. Sipas saj, gjenerata e re e do integrimin evropian, por udh\u00ebheqja politike [&hellip;]<\/p>\n","protected":false},"author":2020,"featured_media":238425,"comment_status":"closed","ping_status":"closed","sticky":false,"template":"","format":"standard","meta":{"footnotes":""},"categories":[241,5380,231],"tags":[],"class_list":{"0":"post-238424","1":"post","2":"type-post","3":"status-publish","4":"format-standard","5":"has-post-thumbnail","7":"category-aktualitet","8":"category-kryesore","9":"category-lajme"},"_links":{"self":[{"href":"https:\/\/zjarr.tv\/sq\/wp-json\/wp\/v2\/posts\/238424","targetHints":{"allow":["GET"]}}],"collection":[{"href":"https:\/\/zjarr.tv\/sq\/wp-json\/wp\/v2\/posts"}],"about":[{"href":"https:\/\/zjarr.tv\/sq\/wp-json\/wp\/v2\/types\/post"}],"author":[{"embeddable":true,"href":"https:\/\/zjarr.tv\/sq\/wp-json\/wp\/v2\/users\/2020"}],"replies":[{"embeddable":true,"href":"https:\/\/zjarr.tv\/sq\/wp-json\/wp\/v2\/comments?post=238424"}],"version-history":[{"count":0,"href":"https:\/\/zjarr.tv\/sq\/wp-json\/wp\/v2\/posts\/238424\/revisions"}],"wp:featuredmedia":[{"embeddable":true,"href":"https:\/\/zjarr.tv\/sq\/wp-json\/wp\/v2\/media\/238425"}],"wp:attachment":[{"href":"https:\/\/zjarr.tv\/sq\/wp-json\/wp\/v2\/media?parent=238424"}],"wp:term":[{"taxonomy":"category","embeddable":true,"href":"https:\/\/zjarr.tv\/sq\/wp-json\/wp\/v2\/categories?post=238424"},{"taxonomy":"post_tag","embeddable":true,"href":"https:\/\/zjarr.tv\/sq\/wp-json\/wp\/v2\/tags?post=238424"}],"curies":[{"name":"wp","href":"https:\/\/api.w.org\/{rel}","templated":true}]}}