{"id":238427,"date":"2022-02-21T13:56:16","date_gmt":"2022-02-21T12:56:16","guid":{"rendered":"https:\/\/zjarr.tv\/?p=238427"},"modified":"2022-02-21T13:56:16","modified_gmt":"2022-02-21T12:56:16","slug":"ish-deputeti-i-pd-se-flet-me-emra-ju-tregoj-se-kush-qendron-pas-lefter-kokes-dhe-saimir-tahirit","status":"publish","type":"post","link":"https:\/\/zjarr.tv\/sq\/ish-deputeti-i-pd-se-flet-me-emra-ju-tregoj-se-kush-qendron-pas-lefter-kokes-dhe-saimir-tahirit\/","title":{"rendered":"Ish-deputeti i PD-s\u00eb flet me emra: Ju tregoj se kush q\u00ebndron pas Lefter Kok\u00ebs dhe Saimir Tahirit"},"content":{"rendered":"<p>I ftuar n\u00eb nj\u00eb intervist\u00eb televizive, ish-deputeti i Partis\u00eb Demokratike Lefter Maliqi \u00ebsht\u00eb shprehur se pas arrestimit t\u00eb Lefter Kok\u00ebs dhe Saimir Tahirit q\u00ebndron kryeministri Edi Rama dhe ministrat e kabinetit t\u00eb tij.<\/p>\n<p>Sipas tij, drejt\u00ebsia nuk do ta v\u00ebr\u00eb para p\u00ebrgjegj\u00ebsis\u00eb Edi Ram\u00ebn dhe se t\u00eb em\u00ebruarit n\u00eb SPAK jan\u00eb prokuror\u00eb q\u00eb jan\u00eb vendosur aty politikisht.<\/p>\n<p>Sipas tij, Rama me parat\u00eb e pista do t\u00eb shpopulloj\u00eb vendin dhe se po p\u00ebrdor Bash\u00ebn duke i p\u00ebrdorur votat e tij n\u00eb Kuvend.<\/p>\n<p>Maliqi: Pas Lefter Kok\u00ebs dhe Tahirit q\u00ebndron kryeministri Rama dhe ministrat e kabinetit t\u00eb tij. Nuk mund t\u00eb mbushet vendi me drog\u00eb pa dijeni ne Ram\u00ebs dhe nuk mund t\u00eb arrestohet vet\u00ebm ministri. Kjo \u00ebsht\u00eb nj\u00eb shitje q\u00eb i \u00ebsht\u00eb b\u00ebr\u00eb atij. Nd\u00ebrkoh\u00eb partia Demokratike mban vet\u00ebm flamurin dhe b\u00ebn kot zhurm\u00eb se k\u00ebto fakte kan\u00eb dal\u00eb qysh m\u00eb her\u00ebt nga LSI dhe Sali Berisha.<\/p>\n<p>Un\u00eb nuk pres drejt\u00ebsi q\u00eb ta v\u00ebr\u00eb para drejt\u00ebsin\u00eb Ram\u00ebn. T\u00eb em\u00ebruarit n\u00eb SPAK jan\u00eb em\u00ebrime politike, ashtu sikurse jan\u00eb n\u00eb Vetting dhe KLGJ e KLP. E kam th\u00ebn\u00eb edhe n\u00eb parlament k\u00ebt\u00eb gj\u00eb. Nuk \u00ebsht\u00eb habi sepse q\u00ebllimi i Ram\u00ebs me parat\u00eb e pista, ka qen\u00eb dhe mbetet shpopullimi i vendit dhe varf\u00ebrimi i tij. Ai e ka n\u00eb dor\u00eb kryetarin aktual t\u00eb PD-s\u00eb dhe i p\u00ebrdor votat n\u00eb Kuvend. Por un\u00eb kam besim se n\u00eb 6 mars do t\u00eb vij\u00eb ndryshimi.<\/p>\n","protected":false},"excerpt":{"rendered":"<p>I ftuar n\u00eb nj\u00eb intervist\u00eb televizive, ish-deputeti i Partis\u00eb Demokratike Lefter Maliqi \u00ebsht\u00eb shprehur se pas arrestimit t\u00eb Lefter Kok\u00ebs dhe Saimir Tahirit q\u00ebndron kryeministri Edi Rama dhe ministrat e kabinetit t\u00eb tij. Sipas tij, drejt\u00ebsia nuk do ta v\u00ebr\u00eb para p\u00ebrgjegj\u00ebsis\u00eb Edi Ram\u00ebn dhe se t\u00eb em\u00ebruarit n\u00eb SPAK jan\u00eb prokuror\u00eb q\u00eb jan\u00eb vendosur [&hellip;]<\/p>\n","protected":false},"author":2020,"featured_media":238428,"comment_status":"closed","ping_status":"closed","sticky":false,"template":"","format":"standard","meta":{"footnotes":""},"categories":[241,5380,231],"tags":[],"class_list":{"0":"post-238427","1":"post","2":"type-post","3":"status-publish","4":"format-standard","5":"has-post-thumbnail","7":"category-aktualitet","8":"category-kryesore","9":"category-lajme"},"_links":{"self":[{"href":"https:\/\/zjarr.tv\/sq\/wp-json\/wp\/v2\/posts\/238427","targetHints":{"allow":["GET"]}}],"collection":[{"href":"https:\/\/zjarr.tv\/sq\/wp-json\/wp\/v2\/posts"}],"about":[{"href":"https:\/\/zjarr.tv\/sq\/wp-json\/wp\/v2\/types\/post"}],"author":[{"embeddable":true,"href":"https:\/\/zjarr.tv\/sq\/wp-json\/wp\/v2\/users\/2020"}],"replies":[{"embeddable":true,"href":"https:\/\/zjarr.tv\/sq\/wp-json\/wp\/v2\/comments?post=238427"}],"version-history":[{"count":0,"href":"https:\/\/zjarr.tv\/sq\/wp-json\/wp\/v2\/posts\/238427\/revisions"}],"wp:featuredmedia":[{"embeddable":true,"href":"https:\/\/zjarr.tv\/sq\/wp-json\/wp\/v2\/media\/238428"}],"wp:attachment":[{"href":"https:\/\/zjarr.tv\/sq\/wp-json\/wp\/v2\/media?parent=238427"}],"wp:term":[{"taxonomy":"category","embeddable":true,"href":"https:\/\/zjarr.tv\/sq\/wp-json\/wp\/v2\/categories?post=238427"},{"taxonomy":"post_tag","embeddable":true,"href":"https:\/\/zjarr.tv\/sq\/wp-json\/wp\/v2\/tags?post=238427"}],"curies":[{"name":"wp","href":"https:\/\/api.w.org\/{rel}","templated":true}]}}