{"id":238430,"date":"2022-02-21T14:12:05","date_gmt":"2022-02-21T13:12:05","guid":{"rendered":"https:\/\/zjarr.tv\/?p=238430"},"modified":"2022-02-21T14:30:58","modified_gmt":"2022-02-21T13:30:58","slug":"ja-neni-i-konventes-se-vjenes-qe-denon-nderhyrjet-e-yuri-kim","status":"publish","type":"post","link":"https:\/\/zjarr.tv\/sq\/ja-neni-i-konventes-se-vjenes-qe-denon-nderhyrjet-e-yuri-kim\/","title":{"rendered":"Ja neni i Konvent\u00ebs s\u00eb Vjen\u00ebs q\u00eb d\u00ebnon nd\u00ebrhyrjet e Yuri Kim"},"content":{"rendered":"<p>Vitin e shkuar, kur disa zyrtar\u00eb t\u00eb Bashkimit Europian u shfaq\u00ebn gjat\u00eb fushat\u00ebs elektorale, kryeministri Edi Rama reagoi me mjafton zem\u00ebrim. Mjaftoi nj\u00eb postim i shkurt\u00ebr i tij n\u00eb rrjetet sociale dhe Brukseli k\u00ebrkoi falje dhe prej atij momenti nuk pati asnj\u00eb nd\u00ebrhyrje tjet\u00ebr publike.<\/p>\n<p>Sot shqiptar\u00ebt u gdhin\u00eb me lajmin se ambasadorja amerikane n\u00eb Tiran\u00eb, Yuri Kim po nd\u00ebrhynte n\u00eb fushat\u00ebn p\u00ebr zgjedhjet e pjesshme lokale.<\/p>\n<p>\u2018Pyetje p\u00ebr kandidat\u00ebt: N\u00ebse mb\u00ebshtet\u00ebsi juaj kryesor \u00ebsht\u00eb dikush i p\u00ebrcaktuar publikisht nga Shtetet e Bashkuara t\u00eb Amerik\u00ebs p\u00ebr korrupsion madhor, \u00e7far\u00eb po u premtoni votuesve sakt\u00ebsisht? Kush do t&#8217;ju zot\u00ebroj\u00eb n\u00ebse fitoni dhe \u00e7far\u00eb do t&#8217;i detyroheni atyre? \u00c7far\u00eb duhet t\u00eb presin shqiptar\u00ebt? \u00c7far\u00eb duhet t\u00eb presin Shtetet e Bashkuara?\u2019 shkruante ajo.<\/p>\n<p>Pas zem\u00ebrimit fillestar online, Kim b\u00ebri nj\u00eb sqarim duke shkruar se jan\u00eb kat\u00ebr persona t\u00eb shpallur non-grata nga SHBA.<\/p>\n<p>Por opinioni publik vazhdoi t\u00eb reagonte me zem\u00ebrim, nd\u00ebrkoh\u00eb q\u00eb ekspert\u00ebt citonin Konvent\u00ebn e Vjen\u00ebs, q\u00eb i ndalon Kim nd\u00ebrhyrjen n\u00eb pun\u00ebt e brendshme, aq m\u00eb pak n\u00eb nj\u00eb fushat\u00eb elektorale.<\/p>\n<p>\u00c7far\u00eb thot\u00eb konkretisht Konventa e Vjen\u00ebs p\u00ebr Marr\u00ebdh\u00ebniet Diplomatike, e n\u00ebnshkruar edhe nga Shqip\u00ebria?<\/p>\n<p>&nbsp;<\/p>\n<p><img loading=\"lazy\" decoding=\"async\" class=\"alignnone size-medium wp-image-238431\" src=\"https:\/\/zjarr.tv\/wp-content\/uploads\/2022\/02\/auto_Screenshot_101645448103-300x193.jpg\" alt=\"\" width=\"300\" height=\"193\" srcset=\"https:\/\/zjarr.tv\/wp-content\/uploads\/2022\/02\/auto_Screenshot_101645448103-300x193.jpg 300w, https:\/\/zjarr.tv\/wp-content\/uploads\/2022\/02\/auto_Screenshot_101645448103-768x494.jpg 768w, https:\/\/zjarr.tv\/wp-content\/uploads\/2022\/02\/auto_Screenshot_101645448103-696x448.jpg 696w, https:\/\/zjarr.tv\/wp-content\/uploads\/2022\/02\/auto_Screenshot_101645448103-653x420.jpg 653w, https:\/\/zjarr.tv\/wp-content\/uploads\/2022\/02\/auto_Screenshot_101645448103.jpg 900w\" sizes=\"auto, (max-width: 300px) 100vw, 300px\" \/><\/p>\n<p>N\u00eb nenin 41 t\u00eb saj, thuhet se diplomat\u00ebt nuk duhet t\u00eb nd\u00ebrhyjn\u00eb n\u00eb pun\u00ebt e brendshme t\u00eb vendit prit\u00ebs.<\/p>\n<p>\u2018Pa paragjykuar privilegjet dhe imunitetet e tyre, \u00ebsht\u00eb detyr\u00eb e t\u00eb gjith\u00eb personave q\u00eb g\u00ebzojn\u00eb privilegje dhe imunitete t\u00eb tilla q\u00eb t\u00eb respektojn\u00eb ligjet dhe rregulloret e shtetit prit\u00ebs. Ata gjithashtu kan\u00eb p\u00ebr detyr\u00eb t\u00eb mos nd\u00ebrhyjn\u00eb n\u00eb pun\u00ebt e brendshme t\u00eb atij shteti.<\/p>\n<p>T\u00eb gjitha pun\u00ebt zyrtare me shtetin prit\u00ebs, t\u00eb cilit i \u00ebsht\u00eb besuar misioni nga shteti d\u00ebrgues, do t\u00eb kryhen me ose n\u00ebp\u00ebrmjet Ministris\u00eb s\u00eb Pun\u00ebve t\u00eb Jashtme t\u00eb shtetit prit\u00ebs ose ndonj\u00eb ministrie tjet\u00ebr q\u00eb mund t\u00eb bihet dakord\\Syri<\/p>\n","protected":false},"excerpt":{"rendered":"<p>Vitin e shkuar, kur disa zyrtar\u00eb t\u00eb Bashkimit Europian u shfaq\u00ebn gjat\u00eb fushat\u00ebs elektorale, kryeministri Edi Rama reagoi me mjafton zem\u00ebrim. Mjaftoi nj\u00eb postim i shkurt\u00ebr i tij n\u00eb rrjetet sociale dhe Brukseli k\u00ebrkoi falje dhe prej atij momenti nuk pati asnj\u00eb nd\u00ebrhyrje tjet\u00ebr publike. Sot shqiptar\u00ebt u gdhin\u00eb me lajmin se ambasadorja amerikane n\u00eb [&hellip;]<\/p>\n","protected":false},"author":2020,"featured_media":238432,"comment_status":"closed","ping_status":"closed","sticky":false,"template":"","format":"standard","meta":{"footnotes":""},"categories":[241,5380,231],"tags":[],"class_list":{"0":"post-238430","1":"post","2":"type-post","3":"status-publish","4":"format-standard","5":"has-post-thumbnail","7":"category-aktualitet","8":"category-kryesore","9":"category-lajme"},"_links":{"self":[{"href":"https:\/\/zjarr.tv\/sq\/wp-json\/wp\/v2\/posts\/238430","targetHints":{"allow":["GET"]}}],"collection":[{"href":"https:\/\/zjarr.tv\/sq\/wp-json\/wp\/v2\/posts"}],"about":[{"href":"https:\/\/zjarr.tv\/sq\/wp-json\/wp\/v2\/types\/post"}],"author":[{"embeddable":true,"href":"https:\/\/zjarr.tv\/sq\/wp-json\/wp\/v2\/users\/2020"}],"replies":[{"embeddable":true,"href":"https:\/\/zjarr.tv\/sq\/wp-json\/wp\/v2\/comments?post=238430"}],"version-history":[{"count":0,"href":"https:\/\/zjarr.tv\/sq\/wp-json\/wp\/v2\/posts\/238430\/revisions"}],"wp:featuredmedia":[{"embeddable":true,"href":"https:\/\/zjarr.tv\/sq\/wp-json\/wp\/v2\/media\/238432"}],"wp:attachment":[{"href":"https:\/\/zjarr.tv\/sq\/wp-json\/wp\/v2\/media?parent=238430"}],"wp:term":[{"taxonomy":"category","embeddable":true,"href":"https:\/\/zjarr.tv\/sq\/wp-json\/wp\/v2\/categories?post=238430"},{"taxonomy":"post_tag","embeddable":true,"href":"https:\/\/zjarr.tv\/sq\/wp-json\/wp\/v2\/tags?post=238430"}],"curies":[{"name":"wp","href":"https:\/\/api.w.org\/{rel}","templated":true}]}}