{"id":238434,"date":"2022-02-21T14:27:57","date_gmt":"2022-02-21T13:27:57","guid":{"rendered":"https:\/\/zjarr.tv\/?p=238434"},"modified":"2022-02-21T14:27:57","modified_gmt":"2022-02-21T13:27:57","slug":"ju-beri-rama-presion-sako-merret-ne-pyetje-te-komisioni-per-porto-romano-tabaku-me-vret-syte-kur-vidhet-buxheti","status":"publish","type":"post","link":"https:\/\/zjarr.tv\/sq\/ju-beri-rama-presion-sako-merret-ne-pyetje-te-komisioni-per-porto-romano-tabaku-me-vret-syte-kur-vidhet-buxheti\/","title":{"rendered":"\u201cJu b\u00ebri Rama presion?!\u201d\/ Sako merret n\u00eb pyetje te Komisioni p\u00ebr \u2018Porto Romano\u2019, Tabaku: M\u00eb vret syt\u00eb kur vidhet buxheti"},"content":{"rendered":"<p>Kryebashkiakja e Durr\u00ebsit Emirjana Sako \u00ebsht\u00eb paraqitur p\u00ebr t\u00eb dh\u00ebn\u00eb d\u00ebshmin\u00eb e saj sot n\u00eb Komisionin Hetimor p\u00ebr \u00e7\u00ebshtjen e incenerator\u00ebve. E pyetur nga kryetarja e k\u00ebtij komisioni Jorida Tabaku mbi shkres\u00ebn e d\u00ebrguar p\u00ebr Porto Romanon dhe se ku \u00ebsht\u00eb vendi i depozitimit t\u00eb mbetjeve, Sako u p\u00ebrgjigj duke th\u00ebn\u00eb se tashm\u00eb ai venddepozitim \u00ebsht\u00eb kthyer n\u00eb nj\u00eb park publik.<\/p>\n<p>Tabaku insistoi duke e pyetur se a \u00ebsht\u00eb e v\u00ebrtet\u00eb q\u00eb ka premtuar kontrat\u00eb 10 milion\u00eb euro p\u00ebr koncesionarin e Tiran\u00ebs, Sako u shpreh se zbaton vet\u00ebm ligjin duke theksuar se nuk ka pasur asnj\u00eb lloj presioni nga kryeministri p\u00ebr depozitimin e mbetjeve n\u00eb Sharr\u00eb.<\/p>\n<p>PJES\u00cb NGA DISKUTIMI<\/p>\n<p>Emirjana Sako: M\u00eb l\u00ebni t\u00eb b\u00ebj hyrjen time, m\u00eb lini t\u00eb flas.<\/p>\n<p>Ermonela Felaj: L\u00ebre t\u00eb flas\u00eb p\u00ebr procedur\u00eb.<\/p>\n<p>Jorida Tabaku: T\u00eb lutem me qet\u00ebsi. Mos na pengoni pun\u00ebn, t\u00eb lutem me etik\u00eb dhe qytetari. Mua s\u2019m\u00eb urdh\u00ebron as ti dhe askush tjet\u00ebr.<\/p>\n<p>Belind K\u00eblli\u00e7i: \u00cbsht\u00eb e r\u00ebnd\u00ebsishme q\u00eb t\u2019i q\u00ebndrojm\u00eb strikt procedur\u00ebs<\/p>\n<p>Ermonela Felaj: Do t\u00eb k\u00ebrkoja t\u00eb b\u00ebhej harmonizimi i radh\u00ebs, d\u00ebshmitari duhet t\u00eb d\u00ebgjohet pas \u00e7do pyetje pa u nd\u00ebrprer\u00eb. Duhet t\u00eb d\u00ebgjojm\u00eb d\u00ebshmitar\u00ebt dhe jo komentet. Komentet i fusim n\u00eb raport. Do b\u00ebjm\u00eb pyetje duke evituar komentet. Nuk na interesojn\u00eb mendimet personale.<\/p>\n<p>Jorida Tabaku: P\u00ebr nj\u00eb vit nuk ndodhi asgj\u00eb deri n\u00eb momentin kur AKUM d\u00ebrgoi nj\u00eb shkres\u00eb p\u00ebr Porto Romanos, \u00e7far\u00eb ndodhi p\u00ebr vendin e depozitimit?<\/p>\n<p>Emirjana Sako: Un\u00eb kam gj\u00ebra p\u00ebr t\u00eb th\u00ebn\u00eb p\u00ebr vendin e depozitimi n\u00eb Porto Romano, ka qen\u00eb gangren\u00eb. Durr\u00ebsi ka shp\u00ebtuar nga kjo gangren\u00eb pasi ky venddepozitim \u00ebsht\u00eb kthyer n\u00eb nj\u00eb park publik. Nuk kam pasur vendimmarrje direkte se k\u00ebrkesa \u00ebsht\u00eb b\u00ebr\u00eb n\u00eb 2018. Bashkit\u00eb nuk marrin dot masa p\u00ebr t\u00eb mbyllur venddepozitimet. Kemi pasur k\u00ebrkes\u00eb nga Sharra p\u00ebr t\u00eb depozituar pa kosto. Nuk ka marr\u00ebveshje kryetari i bashkis\u00eb me landfillin e Sharr\u00ebs.<\/p>\n<p>Jorida Tabaku: Sipas informacionit q\u00eb keni sjell\u00eb dhe dokumentit t\u00eb prokurimeve publike ka nj\u00eb procedur\u00eb negocimi\u2026 E keni justifikuar me emergjenc\u00ebn.<\/p>\n<p>Emirjana Sako: Nuk \u00ebsht\u00eb e v\u00ebrtet\u00eb!<\/p>\n<p>Jorida Tabaku: Pse pritet nj\u00eb vit e gjysm\u00eb p\u00ebr t\u00eb b\u00ebr\u00eb k\u00ebt\u00eb procedur\u00eb nd\u00ebrkoh\u00eb q\u00eb mund ta kishit b\u00ebr\u00eb me para<\/p>\n<p>Emirjana Sako: Se duheshin b\u00ebr\u00eb t\u00eb gjith\u00eb hapat. Gjith\u00eb procedura \u00ebsht\u00eb publike. Un\u00eb jam autoritet kontraktor, n\u00eb baz\u00eb t\u00eb dokumentave \u00ebsht\u00eb b\u00ebr\u00eb vler\u00ebsimi dhe ngritja e grupit t\u00eb pun\u00ebs.<\/p>\n<p>Jorida Tabaku: Rama thot\u00eb q\u00eb na u desh t\u00eb rrisnim presionin n\u00eb Bashkin\u00eb e Durr\u00ebsit, e ka th\u00ebn\u00eb Rama. AKUM ka hapur nj\u00eb procedur\u00eb nd\u00ebrkoh\u00eb p\u00ebr \u201cEcopark\u201d. Kompania \u201cCasanoca Hernandez and Architects\u201d. Keni dijeni q\u00eb kan\u00eb pasur marr\u00ebveshje me kompanin\u00eb e incenerator\u00ebve.<\/p>\n<p>Emirjana Sako: Duhet ta verifikojn\u00eb autoritetet p\u00ebrkat\u00ebse. Ne nga 16 ha sip\u00ebrfaqe turpi kemi nj\u00eb park n\u00eb zem\u00ebr t\u00eb qytetit dhe fusha sporti. Ju ftoj ti vizitoni.<\/p>\n<p>Jorida Tabaku: Zonja Sako m\u00eb vret syt\u00eb kur vidhet buxheti i shtetit. I premtuar koncensionarit t\u00eb Tiran\u00ebs q\u00eb do i jepnit kontrat\u00eb 10 mln euro?<\/p>\n<p>Emirjana Sako: Un\u00eb zbatoj ligjin nuk b\u00ebj asnj\u00eb premtim.<\/p>\n<p>Jorida Tabaku: Me cilin akt keni depozituar n\u00eb Sharr\u00eb mbetjet?<\/p>\n<p>Emirjana Sako: Si mendoni q\u00eb plerat duhet t\u00eb rrinin n\u00eb rrug\u00ebt e Durr\u00ebsit?<\/p>\n<p>Jorida Tabaku: Me qet\u00ebsi! A kishit presion nga kryeministri?<\/p>\n<p>Emirjana Sako: Jo nuk kisha.<\/p>\n","protected":false},"excerpt":{"rendered":"<p>Kryebashkiakja e Durr\u00ebsit Emirjana Sako \u00ebsht\u00eb paraqitur p\u00ebr t\u00eb dh\u00ebn\u00eb d\u00ebshmin\u00eb e saj sot n\u00eb Komisionin Hetimor p\u00ebr \u00e7\u00ebshtjen e incenerator\u00ebve. E pyetur nga kryetarja e k\u00ebtij komisioni Jorida Tabaku mbi shkres\u00ebn e d\u00ebrguar p\u00ebr Porto Romanon dhe se ku \u00ebsht\u00eb vendi i depozitimit t\u00eb mbetjeve, Sako u p\u00ebrgjigj duke th\u00ebn\u00eb se tashm\u00eb ai venddepozitim [&hellip;]<\/p>\n","protected":false},"author":2020,"featured_media":238435,"comment_status":"closed","ping_status":"closed","sticky":false,"template":"","format":"standard","meta":{"footnotes":""},"categories":[241,5380,231],"tags":[],"class_list":{"0":"post-238434","1":"post","2":"type-post","3":"status-publish","4":"format-standard","5":"has-post-thumbnail","7":"category-aktualitet","8":"category-kryesore","9":"category-lajme"},"_links":{"self":[{"href":"https:\/\/zjarr.tv\/sq\/wp-json\/wp\/v2\/posts\/238434","targetHints":{"allow":["GET"]}}],"collection":[{"href":"https:\/\/zjarr.tv\/sq\/wp-json\/wp\/v2\/posts"}],"about":[{"href":"https:\/\/zjarr.tv\/sq\/wp-json\/wp\/v2\/types\/post"}],"author":[{"embeddable":true,"href":"https:\/\/zjarr.tv\/sq\/wp-json\/wp\/v2\/users\/2020"}],"replies":[{"embeddable":true,"href":"https:\/\/zjarr.tv\/sq\/wp-json\/wp\/v2\/comments?post=238434"}],"version-history":[{"count":0,"href":"https:\/\/zjarr.tv\/sq\/wp-json\/wp\/v2\/posts\/238434\/revisions"}],"wp:featuredmedia":[{"embeddable":true,"href":"https:\/\/zjarr.tv\/sq\/wp-json\/wp\/v2\/media\/238435"}],"wp:attachment":[{"href":"https:\/\/zjarr.tv\/sq\/wp-json\/wp\/v2\/media?parent=238434"}],"wp:term":[{"taxonomy":"category","embeddable":true,"href":"https:\/\/zjarr.tv\/sq\/wp-json\/wp\/v2\/categories?post=238434"},{"taxonomy":"post_tag","embeddable":true,"href":"https:\/\/zjarr.tv\/sq\/wp-json\/wp\/v2\/tags?post=238434"}],"curies":[{"name":"wp","href":"https:\/\/api.w.org\/{rel}","templated":true}]}}