{"id":238440,"date":"2022-02-21T15:03:21","date_gmt":"2022-02-21T14:03:21","guid":{"rendered":"https:\/\/zjarr.tv\/?p=238440"},"modified":"2022-02-21T15:03:21","modified_gmt":"2022-02-21T14:03:21","slug":"plotesoni-kerkesat-ose-ne-te-kundert-shoqata-e-transportit-qytetas-paralajmeron-mbylljen-e-sherbimit-me-1-mars","status":"publish","type":"post","link":"https:\/\/zjarr.tv\/sq\/plotesoni-kerkesat-ose-ne-te-kundert-shoqata-e-transportit-qytetas-paralajmeron-mbylljen-e-sherbimit-me-1-mars\/","title":{"rendered":"\u201cPlot\u00ebsoni k\u00ebrkesat ose n\u00eb t\u00eb kund\u00ebrt\u2026\u201d! Shoqata e Transportit Qytetas paralajm\u00ebron mbylljen e sh\u00ebrbimit m\u00eb 1 mars"},"content":{"rendered":"<p>Shoqata e Transportit Qytetas i ka d\u00ebrguar nj\u00eb peticion kryeministrit Edi Rama, kreut t\u00eb bashkis\u00eb Tiran\u00eb Erion Veliaj, zv.kryeministrit Arben Ahmetaj dhe ministrave Delinda Ibrahimaj dhe Belinda Balluku duke paralajm\u00ebruar mbylljen e sh\u00ebrbimit q\u00eb prej 1 marsit n\u00ebse nuk u plot\u00ebsohen disa k\u00ebrkesa.<\/p>\n<p>K\u00ebrkesat q\u00eb ata kan\u00eb jan\u00eb<\/p>\n<p>Rimbursimi i TVSH n\u00eb shitje<\/p>\n<p>Heqja e akciz\u00ebs 37 lek\u00eb\/ lit\u00ebr<\/p>\n<p>Heqja e taks\u00ebs s\u00eb qarkullimit p\u00ebr subjektet e licencuara<\/p>\n<p>Rimbursimi nga ministrit\u00eb e linj\u00ebs lidhur me kategorit\u00eb (tetraplegjik\u00eb, paraplegjik, invalid pune, t\u00eb verb\u00ebt dhe student\u00ebt).<\/p>\n<p>N\u00ebse k\u00ebto k\u00ebrkesa q\u00eb kan\u00eb parashtruar nuk plot\u00ebsohen, pritet q\u00eb ata duke nisur nga muaji i ardhsh\u00ebm t\u00eb nd\u00ebrpresin sh\u00ebrbimin e tyre.<\/p>\n","protected":false},"excerpt":{"rendered":"<p>Shoqata e Transportit Qytetas i ka d\u00ebrguar nj\u00eb peticion kryeministrit Edi Rama, kreut t\u00eb bashkis\u00eb Tiran\u00eb Erion Veliaj, zv.kryeministrit Arben Ahmetaj dhe ministrave Delinda Ibrahimaj dhe Belinda Balluku duke paralajm\u00ebruar mbylljen e sh\u00ebrbimit q\u00eb prej 1 marsit n\u00ebse nuk u plot\u00ebsohen disa k\u00ebrkesa. K\u00ebrkesat q\u00eb ata kan\u00eb jan\u00eb Rimbursimi i TVSH n\u00eb shitje Heqja e [&hellip;]<\/p>\n","protected":false},"author":2020,"featured_media":238442,"comment_status":"closed","ping_status":"closed","sticky":false,"template":"","format":"standard","meta":{"footnotes":""},"categories":[241,5380,231],"tags":[],"class_list":{"0":"post-238440","1":"post","2":"type-post","3":"status-publish","4":"format-standard","5":"has-post-thumbnail","7":"category-aktualitet","8":"category-kryesore","9":"category-lajme"},"_links":{"self":[{"href":"https:\/\/zjarr.tv\/sq\/wp-json\/wp\/v2\/posts\/238440","targetHints":{"allow":["GET"]}}],"collection":[{"href":"https:\/\/zjarr.tv\/sq\/wp-json\/wp\/v2\/posts"}],"about":[{"href":"https:\/\/zjarr.tv\/sq\/wp-json\/wp\/v2\/types\/post"}],"author":[{"embeddable":true,"href":"https:\/\/zjarr.tv\/sq\/wp-json\/wp\/v2\/users\/2020"}],"replies":[{"embeddable":true,"href":"https:\/\/zjarr.tv\/sq\/wp-json\/wp\/v2\/comments?post=238440"}],"version-history":[{"count":0,"href":"https:\/\/zjarr.tv\/sq\/wp-json\/wp\/v2\/posts\/238440\/revisions"}],"wp:featuredmedia":[{"embeddable":true,"href":"https:\/\/zjarr.tv\/sq\/wp-json\/wp\/v2\/media\/238442"}],"wp:attachment":[{"href":"https:\/\/zjarr.tv\/sq\/wp-json\/wp\/v2\/media?parent=238440"}],"wp:term":[{"taxonomy":"category","embeddable":true,"href":"https:\/\/zjarr.tv\/sq\/wp-json\/wp\/v2\/categories?post=238440"},{"taxonomy":"post_tag","embeddable":true,"href":"https:\/\/zjarr.tv\/sq\/wp-json\/wp\/v2\/tags?post=238440"}],"curies":[{"name":"wp","href":"https:\/\/api.w.org\/{rel}","templated":true}]}}