{"id":238447,"date":"2022-02-21T15:29:48","date_gmt":"2022-02-21T14:29:48","guid":{"rendered":"https:\/\/zjarr.tv\/?p=238447"},"modified":"2022-02-21T15:29:48","modified_gmt":"2022-02-21T14:29:48","slug":"deklarata-e-forte-e-ish-ministrit-te-financave-kemi-refuzuar-miratimin-e-projektit-te-elbasanit-sepse-procedura-nuk-ishte-ne-perputhje-me-ligjin","status":"publish","type":"post","link":"https:\/\/zjarr.tv\/sq\/deklarata-e-forte-e-ish-ministrit-te-financave-kemi-refuzuar-miratimin-e-projektit-te-elbasanit-sepse-procedura-nuk-ishte-ne-perputhje-me-ligjin\/","title":{"rendered":"Deklarata e fort\u00eb e ish-ministrit t\u00eb Financave: Kemi refuzuar miratimin e projektit t\u00eb Elbasanit sepse procedura nuk ishte n\u00eb p\u00ebrputhje me ligjin"},"content":{"rendered":"<p>Ish-ministri i Financave, Shk\u00eblqim Cani ka d\u00ebshmuar sot n\u00eb Komisionin Hetimor, n\u00eb lidhje me procedurat q\u00eb jan\u00eb ndjekur p\u00ebr inceneratorin e Elbasanit, p\u00ebr t\u00eb cilin Cani sqaron se e ka refuzuar miratimin e projektit, pasi sipas tij kjo procedura nuk ishte n\u00eb p\u00ebrputhje me ligjin.<\/p>\n<p>Ish- ministri pranoi korrespondencat me ish-kolegun e tij, Lefter Koka duke argumentuar se kan\u00eb k\u00ebrkuar informacion p\u00ebr kompanin\u00eb. Sipas tij Ministria e Financave duhet te jete ne dijeni n\u00ebse kompania ka kapacitete financiare apo jo.<\/p>\n<p>\u201cNe kemi refuzuar, mb\u00ebshtetur n\u00eb k\u00ebrkesat dhe aktet ligjore dhe n\u00ebnligjore. \u00cbsht\u00eb normale q\u00eb ne t\u00eb kryenim k\u00ebshtu. Nd\u00ebrkoh\u00eb ka ardhur edhe nj\u00eb projekt vendim kur\u00a0 k\u00ebrkohet q\u00eb t\u00eb zbatohet nj\u00eb procedur\u00eb e ve\u00e7ante lidhur me djeg\u00ebsin e mbeturinave ose inceneratorin.<\/p>\n<p>Kjo procedur\u00eb ka marr\u00eb p\u00ebrgjigje nga ne q\u00eb nuk p\u00ebrputhet me ligjin p\u00ebr arsye se\u00a0 3 jan\u00eb opsionet, nuk \u00ebsht\u00eb n\u00eb k\u00ebto t\u00eb treja dhe natyrsh\u00ebm kemi th\u00ebn\u00eb q\u00eb nuk \u00ebsht\u00eb brenda k\u00ebtyre, prandaj kemi th\u00ebne q\u00eb merreni dhe gjeni nj\u00eb nga tre m\u00ebnyrat.<\/p>\n<p>Po ashtu k\u00ebrkojm\u00eb edhe t\u00eb dh\u00ebna p\u00ebr firm\u00ebn e q\u00eb\u00a0 ne e shikojm\u00eb tek kapacitetet financiare n\u00ebse e p\u00ebrmbush k\u00ebt\u00eb detyr\u00eb apo jo lidhur me investimin\u201d, eshte shprehur Cani.<\/p>\n","protected":false},"excerpt":{"rendered":"<p>Ish-ministri i Financave, Shk\u00eblqim Cani ka d\u00ebshmuar sot n\u00eb Komisionin Hetimor, n\u00eb lidhje me procedurat q\u00eb jan\u00eb ndjekur p\u00ebr inceneratorin e Elbasanit, p\u00ebr t\u00eb cilin Cani sqaron se e ka refuzuar miratimin e projektit, pasi sipas tij kjo procedura nuk ishte n\u00eb p\u00ebrputhje me ligjin. Ish- ministri pranoi korrespondencat me ish-kolegun e tij, Lefter Koka [&hellip;]<\/p>\n","protected":false},"author":2020,"featured_media":238448,"comment_status":"closed","ping_status":"closed","sticky":false,"template":"","format":"standard","meta":{"footnotes":""},"categories":[241,5380,231],"tags":[],"class_list":{"0":"post-238447","1":"post","2":"type-post","3":"status-publish","4":"format-standard","5":"has-post-thumbnail","7":"category-aktualitet","8":"category-kryesore","9":"category-lajme"},"_links":{"self":[{"href":"https:\/\/zjarr.tv\/sq\/wp-json\/wp\/v2\/posts\/238447","targetHints":{"allow":["GET"]}}],"collection":[{"href":"https:\/\/zjarr.tv\/sq\/wp-json\/wp\/v2\/posts"}],"about":[{"href":"https:\/\/zjarr.tv\/sq\/wp-json\/wp\/v2\/types\/post"}],"author":[{"embeddable":true,"href":"https:\/\/zjarr.tv\/sq\/wp-json\/wp\/v2\/users\/2020"}],"replies":[{"embeddable":true,"href":"https:\/\/zjarr.tv\/sq\/wp-json\/wp\/v2\/comments?post=238447"}],"version-history":[{"count":0,"href":"https:\/\/zjarr.tv\/sq\/wp-json\/wp\/v2\/posts\/238447\/revisions"}],"wp:featuredmedia":[{"embeddable":true,"href":"https:\/\/zjarr.tv\/sq\/wp-json\/wp\/v2\/media\/238448"}],"wp:attachment":[{"href":"https:\/\/zjarr.tv\/sq\/wp-json\/wp\/v2\/media?parent=238447"}],"wp:term":[{"taxonomy":"category","embeddable":true,"href":"https:\/\/zjarr.tv\/sq\/wp-json\/wp\/v2\/categories?post=238447"},{"taxonomy":"post_tag","embeddable":true,"href":"https:\/\/zjarr.tv\/sq\/wp-json\/wp\/v2\/tags?post=238447"}],"curies":[{"name":"wp","href":"https:\/\/api.w.org\/{rel}","templated":true}]}}