{"id":238452,"date":"2022-02-21T16:49:58","date_gmt":"2022-02-21T15:49:58","guid":{"rendered":"https:\/\/zjarr.tv\/?p=238452"},"modified":"2022-02-21T16:49:58","modified_gmt":"2022-02-21T15:49:58","slug":"ministrja-balluku-ne-komisionin-per-inceneratoret-jane-bere-te-gjitha-auditet-financiare-dhe-teknike","status":"publish","type":"post","link":"https:\/\/zjarr.tv\/sq\/ministrja-balluku-ne-komisionin-per-inceneratoret-jane-bere-te-gjitha-auditet-financiare-dhe-teknike\/","title":{"rendered":"Ministrja Balluku n\u00eb Komisionin p\u00ebr Incenerator\u00ebt: Jan\u00eb b\u00ebr\u00eb t\u00eb gjitha auditet financiare dhe teknike"},"content":{"rendered":"<p>Ministrja e Infrastruktur\u00ebs dhe Energjis\u00eb, Belinda Balluku, \u00ebsht\u00eb duke d\u00ebshmuar n\u00eb Komisionin Hetimor p\u00ebr Incenerator\u00ebt, ku i \u00ebsht\u00eb p\u00ebrgjigjur pyetjeve t\u00eb an\u00ebtarit t\u00eb Komisionit, Helidon Bushati.<\/p>\n<p>E pyetur se \u00e7far\u00eb kontratash jan\u00eb ato t\u00eb incenerator\u00ebve, Balluku u shpreh se Incenerator\u00ebt e Fierit dhe Elbasanit jan\u00eb kontrata Partneritet Publik-Privat, nd\u00ebrsa kontrata e inceneratorit t\u00eb Tiran\u00ebs \u00ebsht\u00eb koncesion.<\/p>\n<p>Bushati: \u00c7far\u00eb kontratash jan\u00eb ato t\u00eb incenerator\u00ebve t\u00eb Fierit, Tiran\u00ebs dhe Elbasanit?<\/p>\n<p>Balluku: Kontratat jan\u00eb koncesionare, ajo e Fierit dhe Elbasanit jan\u00eb PPP, nd\u00ebrsa e Tiran\u00ebs \u00ebsht\u00eb koncesion.<\/p>\n<p>Bushati: A do ta kalonit ju nj\u00eb kontrat\u00eb t\u00eb till\u00eb n\u00ebse do ju vinte tani?<\/p>\n<p>Balluku: Pyetjen tuaj e konsideroj orientuese dhe politike. Nuk shikoj se pritet nga un\u00eb nj\u00eb p\u00ebrgjigje. K\u00ebshtu q\u00eb nuk do jap nj\u00eb p\u00ebrgjigje. Pasi nuk k\u00ebrkoni mendimin tim.<\/p>\n<p>Bushati: A \u00ebsht\u00eb b\u00ebr\u00eb ndonj\u00eb auditim financiar apo teknik?<\/p>\n<p>Balluku: Sipas ligjeve n\u00eb fuqi, t\u00eb gjtitha k\u00ebto konjtrata, jan\u00eb b\u00ebr\u00eb edhe audite financiare dhe p\u00ebrputhsh\u00ebmrie, t\u00eb cilat jan\u00eb n\u00eb dispozicionin tuaj. Ministria e Infrastrultur\u00ebs u aka v\u00ebn\u00eb n\u00eb dispozicion t\u00eb gjitha dokumentat.<\/p>\n","protected":false},"excerpt":{"rendered":"<p>Ministrja e Infrastruktur\u00ebs dhe Energjis\u00eb, Belinda Balluku, \u00ebsht\u00eb duke d\u00ebshmuar n\u00eb Komisionin Hetimor p\u00ebr Incenerator\u00ebt, ku i \u00ebsht\u00eb p\u00ebrgjigjur pyetjeve t\u00eb an\u00ebtarit t\u00eb Komisionit, Helidon Bushati. E pyetur se \u00e7far\u00eb kontratash jan\u00eb ato t\u00eb incenerator\u00ebve, Balluku u shpreh se Incenerator\u00ebt e Fierit dhe Elbasanit jan\u00eb kontrata Partneritet Publik-Privat, nd\u00ebrsa kontrata e inceneratorit t\u00eb Tiran\u00ebs \u00ebsht\u00eb [&hellip;]<\/p>\n","protected":false},"author":2031,"featured_media":177261,"comment_status":"closed","ping_status":"closed","sticky":false,"template":"","format":"standard","meta":{"footnotes":""},"categories":[231],"tags":[],"class_list":{"0":"post-238452","1":"post","2":"type-post","3":"status-publish","4":"format-standard","5":"has-post-thumbnail","7":"category-lajme"},"_links":{"self":[{"href":"https:\/\/zjarr.tv\/sq\/wp-json\/wp\/v2\/posts\/238452","targetHints":{"allow":["GET"]}}],"collection":[{"href":"https:\/\/zjarr.tv\/sq\/wp-json\/wp\/v2\/posts"}],"about":[{"href":"https:\/\/zjarr.tv\/sq\/wp-json\/wp\/v2\/types\/post"}],"author":[{"embeddable":true,"href":"https:\/\/zjarr.tv\/sq\/wp-json\/wp\/v2\/users\/2031"}],"replies":[{"embeddable":true,"href":"https:\/\/zjarr.tv\/sq\/wp-json\/wp\/v2\/comments?post=238452"}],"version-history":[{"count":0,"href":"https:\/\/zjarr.tv\/sq\/wp-json\/wp\/v2\/posts\/238452\/revisions"}],"wp:featuredmedia":[{"embeddable":true,"href":"https:\/\/zjarr.tv\/sq\/wp-json\/wp\/v2\/media\/177261"}],"wp:attachment":[{"href":"https:\/\/zjarr.tv\/sq\/wp-json\/wp\/v2\/media?parent=238452"}],"wp:term":[{"taxonomy":"category","embeddable":true,"href":"https:\/\/zjarr.tv\/sq\/wp-json\/wp\/v2\/categories?post=238452"},{"taxonomy":"post_tag","embeddable":true,"href":"https:\/\/zjarr.tv\/sq\/wp-json\/wp\/v2\/tags?post=238452"}],"curies":[{"name":"wp","href":"https:\/\/api.w.org\/{rel}","templated":true}]}}