{"id":238455,"date":"2022-02-21T16:51:49","date_gmt":"2022-02-21T15:51:49","guid":{"rendered":"https:\/\/zjarr.tv\/?p=238455"},"modified":"2022-02-21T16:51:49","modified_gmt":"2022-02-21T15:51:49","slug":"pd-padit-kuvendin-ne-gjykaten-kushtetuese-anetaret-e-klp-kane-qene-te-paracaktuar","status":"publish","type":"post","link":"https:\/\/zjarr.tv\/sq\/pd-padit-kuvendin-ne-gjykaten-kushtetuese-anetaret-e-klp-kane-qene-te-paracaktuar\/","title":{"rendered":"PD padit Kuvendin n\u00eb Gjykat\u00ebn Kushtetuese: An\u00ebtar\u00ebt e KLP kan\u00eb qen\u00eb t\u00eb paracaktuar"},"content":{"rendered":"<p>Sekretari i P\u00ebrgjithsh\u00ebm i Partis\u00eb Demokratike, Gazment Bardhi, ka reaguar n\u00eb lidhje me p\u00ebrcaktimin e an\u00ebtar\u00ebve t\u00eb KLP.<\/p>\n<p>P\u00ebrmes nj\u00eb postimi n\u00eb \u201cTwitter\u201d, Bardhi ka b\u00ebr\u00eb me dije se Partia Demokratike do t\u00eb ankimoj\u00eb n\u00eb Gjykat\u00ebn Kushtetuese vendimin e sot\u00ebm t\u00eb marr\u00eb nga Kuvendi, pasi sipas tij an\u00ebtar\u00ebt e KLP kan\u00eb qen\u00eb t\u00eb paracaktuar.<\/p>\n<p>\u201cMazhoranca paracakton an\u00ebtar\u00ebt e K\u00ebshillit t\u00eb Lart\u00eb t\u00eb Prokuroris\u00eb. Kuvendi shkeli Kushtetut\u00ebn dhe ligjin n\u00eb zgjedhjen e an\u00ebtar\u00ebve t\u00eb K\u00ebshillit t\u00eb Lart\u00eb t\u00eb Prokuroris\u00eb, duke b\u00ebr\u00eb proces fiktiv shorti, ku p\u00ebr dy vende vakante n\u00eb \u201cshort\u201d u hodh vet\u00ebm nj\u00eb kandidat!<\/p>\n<p>PD do t\u00eb ankimoj\u00eb n\u00eb Gjykat\u00ebn Kushtetuese vendimin e sot\u00ebm antikushtetues. Drejt\u00ebsia e pavarur \u00ebsht\u00eb element ky\u00e7 p\u00ebr shtetin ligjor\u201d, shkruan Bardhi.<\/p>\n","protected":false},"excerpt":{"rendered":"<p>Sekretari i P\u00ebrgjithsh\u00ebm i Partis\u00eb Demokratike, Gazment Bardhi, ka reaguar n\u00eb lidhje me p\u00ebrcaktimin e an\u00ebtar\u00ebve t\u00eb KLP. P\u00ebrmes nj\u00eb postimi n\u00eb \u201cTwitter\u201d, Bardhi ka b\u00ebr\u00eb me dije se Partia Demokratike do t\u00eb ankimoj\u00eb n\u00eb Gjykat\u00ebn Kushtetuese vendimin e sot\u00ebm t\u00eb marr\u00eb nga Kuvendi, pasi sipas tij an\u00ebtar\u00ebt e KLP kan\u00eb qen\u00eb t\u00eb paracaktuar. \u201cMazhoranca [&hellip;]<\/p>\n","protected":false},"author":2031,"featured_media":165726,"comment_status":"closed","ping_status":"closed","sticky":false,"template":"","format":"standard","meta":{"footnotes":""},"categories":[231,1454,235],"tags":[],"class_list":{"0":"post-238455","1":"post","2":"type-post","3":"status-publish","4":"format-standard","5":"has-post-thumbnail","7":"category-lajme","8":"category-politike","9":"category-vendi"},"_links":{"self":[{"href":"https:\/\/zjarr.tv\/sq\/wp-json\/wp\/v2\/posts\/238455","targetHints":{"allow":["GET"]}}],"collection":[{"href":"https:\/\/zjarr.tv\/sq\/wp-json\/wp\/v2\/posts"}],"about":[{"href":"https:\/\/zjarr.tv\/sq\/wp-json\/wp\/v2\/types\/post"}],"author":[{"embeddable":true,"href":"https:\/\/zjarr.tv\/sq\/wp-json\/wp\/v2\/users\/2031"}],"replies":[{"embeddable":true,"href":"https:\/\/zjarr.tv\/sq\/wp-json\/wp\/v2\/comments?post=238455"}],"version-history":[{"count":0,"href":"https:\/\/zjarr.tv\/sq\/wp-json\/wp\/v2\/posts\/238455\/revisions"}],"wp:featuredmedia":[{"embeddable":true,"href":"https:\/\/zjarr.tv\/sq\/wp-json\/wp\/v2\/media\/165726"}],"wp:attachment":[{"href":"https:\/\/zjarr.tv\/sq\/wp-json\/wp\/v2\/media?parent=238455"}],"wp:term":[{"taxonomy":"category","embeddable":true,"href":"https:\/\/zjarr.tv\/sq\/wp-json\/wp\/v2\/categories?post=238455"},{"taxonomy":"post_tag","embeddable":true,"href":"https:\/\/zjarr.tv\/sq\/wp-json\/wp\/v2\/tags?post=238455"}],"curies":[{"name":"wp","href":"https:\/\/api.w.org\/{rel}","templated":true}]}}