{"id":238459,"date":"2022-02-21T16:55:54","date_gmt":"2022-02-21T15:55:54","guid":{"rendered":"https:\/\/zjarr.tv\/?p=238459"},"modified":"2022-02-21T16:55:54","modified_gmt":"2022-02-21T15:55:54","slug":"gazetari-artan-hoxha-perfundon-ne-spak-citon-lulzim-bashen-punonjesit-e-ndershem-te-drejtesise-do-kene-mbeshtetjen-time","status":"publish","type":"post","link":"https:\/\/zjarr.tv\/sq\/gazetari-artan-hoxha-perfundon-ne-spak-citon-lulzim-bashen-punonjesit-e-ndershem-te-drejtesise-do-kene-mbeshtetjen-time\/","title":{"rendered":"Gazetari Artan Hoxha p\u00ebrfundon n\u00eb SPAK, citon Lulzim Bash\u00ebn: Punonj\u00ebsit e ndersh\u00ebm t\u00eb drejt\u00ebsis\u00eb do ken\u00eb mb\u00ebshtetjen time"},"content":{"rendered":"<p>Gazetari i kronik\u00ebs Artan Hoxha ka p\u00ebrfunduar k\u00ebt\u00eb t\u00eb h\u00ebn\u00eb n\u00eb Prokurorin\u00eb Speciale SPAK. \u00cbsht\u00eb vet\u00eb Hoxha ai q\u00eb publikon fotot para ambienteve t\u00eb organit t\u00eb akuz\u00ebs, por nuk specifikon se p\u00ebr \u00e7far\u00eb \u00ebsht\u00eb thirrur atje, shkruan newsbomb.al.<\/p>\n<p>Megjithat\u00eb, ai citon nj\u00eb shprehje t\u00eb Lulzim Bash\u00ebs t\u00eb pak dit\u00ebve m\u00eb par\u00eb, kur doli nga Prokuroria Speciale dhe u mor n\u00eb pyetje nga hetuesit belg\u00eb. Ja \u00e7far\u00eb thot\u00eb gazetari Artan Hoxha p\u00ebr \u201cvizit\u00ebn\u201d sot n\u00eb SPAK:<\/p>\n<p>\u201cNganjehere e ben robi nje xhiro deri ne SPAK, se mbeta vetem duke bere pro\u00e7edura ne prokurorite e rretheve\u2026 Dhe si ka thene Lulzim Basha dora vet\u00eb kur doli nga zyrat e SPAK, para 11 ditesh: \u201cPunonj\u00ebsit e ndersh\u00ebm t\u00eb SPAK-ut dhe BKH-se do ken\u00eb mb\u00ebshtetjen time p\u00ebr t\u00eb ecur p\u00ebrpara me hetimin e t\u00eb gjitha \u00e7\u00ebshtjeje\u201d.<\/p>\n","protected":false},"excerpt":{"rendered":"<p>Gazetari i kronik\u00ebs Artan Hoxha ka p\u00ebrfunduar k\u00ebt\u00eb t\u00eb h\u00ebn\u00eb n\u00eb Prokurorin\u00eb Speciale SPAK. \u00cbsht\u00eb vet\u00eb Hoxha ai q\u00eb publikon fotot para ambienteve t\u00eb organit t\u00eb akuz\u00ebs, por nuk specifikon se p\u00ebr \u00e7far\u00eb \u00ebsht\u00eb thirrur atje, shkruan newsbomb.al. Megjithat\u00eb, ai citon nj\u00eb shprehje t\u00eb Lulzim Bash\u00ebs t\u00eb pak dit\u00ebve m\u00eb par\u00eb, kur doli nga Prokuroria [&hellip;]<\/p>\n","protected":false},"author":2031,"featured_media":238460,"comment_status":"closed","ping_status":"closed","sticky":false,"template":"","format":"standard","meta":{"footnotes":""},"categories":[241,231,235],"tags":[],"class_list":{"0":"post-238459","1":"post","2":"type-post","3":"status-publish","4":"format-standard","5":"has-post-thumbnail","7":"category-aktualitet","8":"category-lajme","9":"category-vendi"},"_links":{"self":[{"href":"https:\/\/zjarr.tv\/sq\/wp-json\/wp\/v2\/posts\/238459","targetHints":{"allow":["GET"]}}],"collection":[{"href":"https:\/\/zjarr.tv\/sq\/wp-json\/wp\/v2\/posts"}],"about":[{"href":"https:\/\/zjarr.tv\/sq\/wp-json\/wp\/v2\/types\/post"}],"author":[{"embeddable":true,"href":"https:\/\/zjarr.tv\/sq\/wp-json\/wp\/v2\/users\/2031"}],"replies":[{"embeddable":true,"href":"https:\/\/zjarr.tv\/sq\/wp-json\/wp\/v2\/comments?post=238459"}],"version-history":[{"count":0,"href":"https:\/\/zjarr.tv\/sq\/wp-json\/wp\/v2\/posts\/238459\/revisions"}],"wp:featuredmedia":[{"embeddable":true,"href":"https:\/\/zjarr.tv\/sq\/wp-json\/wp\/v2\/media\/238460"}],"wp:attachment":[{"href":"https:\/\/zjarr.tv\/sq\/wp-json\/wp\/v2\/media?parent=238459"}],"wp:term":[{"taxonomy":"category","embeddable":true,"href":"https:\/\/zjarr.tv\/sq\/wp-json\/wp\/v2\/categories?post=238459"},{"taxonomy":"post_tag","embeddable":true,"href":"https:\/\/zjarr.tv\/sq\/wp-json\/wp\/v2\/tags?post=238459"}],"curies":[{"name":"wp","href":"https:\/\/api.w.org\/{rel}","templated":true}]}}