{"id":238463,"date":"2022-02-21T17:02:39","date_gmt":"2022-02-21T16:02:39","guid":{"rendered":"https:\/\/zjarr.tv\/?p=238463"},"modified":"2022-02-21T17:06:49","modified_gmt":"2022-02-21T16:06:49","slug":"foto-ndryshimi-drastik-i-vjosa-osmanit-i-le-te-gjithe-gojehapur","status":"publish","type":"post","link":"https:\/\/zjarr.tv\/sq\/foto-ndryshimi-drastik-i-vjosa-osmanit-i-le-te-gjithe-gojehapur\/","title":{"rendered":"Ndryshimi drastik i Vjosa Osmanit, i l\u00eb t\u00eb gjith\u00eb \u201cgoj\u00ebhapur\u201d"},"content":{"rendered":"<p>Presidentja e Kosov\u00ebs Vjosa Osmani \u00ebsht\u00eb shfaqur t\u00ebr\u00ebsisht e transformuar. Ajo \u00ebsht\u00eb fotografuar dit\u00ebve t\u00eb fundit n\u00eb nj\u00eb form\u00eb fizike shum\u00eb t\u00eb mir\u00eb.<\/p>\n<p>Osmani ka qen\u00eb prezente n\u00eb Konferenc\u00ebn e Siguris\u00eb n\u00eb Mynih, ku \u00ebsht\u00eb lakuar nga mediat p\u00ebr look-un e saj t\u00eb ri.<\/p>\n<p>Ashtu si dhe shihet n\u00eb foto, presidentja ka humbur disa kilogram\u00eb, duke nxjerr\u00eb k\u00ebshtu n\u00eb pah edhe m\u00eb shum\u00eb hijeshin\u00eb e saj.<\/p>\n<p>Tashm\u00eb ajo ia lejon vetes edhe veshje me ngjyr\u00eb disi m\u00eb t\u00eb \u00e7elur. N\u00eb Mynih ajo \u00ebsht\u00eb fotografuar krah figurave t\u00eb larta politike, ku duhet t\u00eb themi ka shk\u00eblqyer veshur me fustan t\u00eb kuq. <\/p>\n<p>Ky transformim i presidentes ka ardhur n\u00eb nj\u00eb koh\u00eb shum\u00eb t\u00eb shkurt\u00ebr.<\/p>\n","protected":false},"excerpt":{"rendered":"<p>Presidentja e Kosov\u00ebs Vjosa Osmani \u00ebsht\u00eb shfaqur t\u00ebr\u00ebsisht e transformuar. Ajo \u00ebsht\u00eb fotografuar dit\u00ebve t\u00eb fundit n\u00eb nj\u00eb form\u00eb fizike shum\u00eb t\u00eb mir\u00eb. Osmani ka qen\u00eb prezente n\u00eb Konferenc\u00ebn e Siguris\u00eb n\u00eb Mynih, ku \u00ebsht\u00eb lakuar nga mediat p\u00ebr look-un e saj t\u00eb ri. Ashtu si dhe shihet n\u00eb foto, presidentja ka humbur disa kilogram\u00eb, [&hellip;]<\/p>\n","protected":false},"author":2031,"featured_media":238464,"comment_status":"closed","ping_status":"closed","sticky":false,"template":"","format":"standard","meta":{"footnotes":""},"categories":[231],"tags":[],"class_list":{"0":"post-238463","1":"post","2":"type-post","3":"status-publish","4":"format-standard","5":"has-post-thumbnail","7":"category-lajme"},"_links":{"self":[{"href":"https:\/\/zjarr.tv\/sq\/wp-json\/wp\/v2\/posts\/238463","targetHints":{"allow":["GET"]}}],"collection":[{"href":"https:\/\/zjarr.tv\/sq\/wp-json\/wp\/v2\/posts"}],"about":[{"href":"https:\/\/zjarr.tv\/sq\/wp-json\/wp\/v2\/types\/post"}],"author":[{"embeddable":true,"href":"https:\/\/zjarr.tv\/sq\/wp-json\/wp\/v2\/users\/2031"}],"replies":[{"embeddable":true,"href":"https:\/\/zjarr.tv\/sq\/wp-json\/wp\/v2\/comments?post=238463"}],"version-history":[{"count":0,"href":"https:\/\/zjarr.tv\/sq\/wp-json\/wp\/v2\/posts\/238463\/revisions"}],"wp:featuredmedia":[{"embeddable":true,"href":"https:\/\/zjarr.tv\/sq\/wp-json\/wp\/v2\/media\/238464"}],"wp:attachment":[{"href":"https:\/\/zjarr.tv\/sq\/wp-json\/wp\/v2\/media?parent=238463"}],"wp:term":[{"taxonomy":"category","embeddable":true,"href":"https:\/\/zjarr.tv\/sq\/wp-json\/wp\/v2\/categories?post=238463"},{"taxonomy":"post_tag","embeddable":true,"href":"https:\/\/zjarr.tv\/sq\/wp-json\/wp\/v2\/tags?post=238463"}],"curies":[{"name":"wp","href":"https:\/\/api.w.org\/{rel}","templated":true}]}}