{"id":238469,"date":"2022-02-21T17:08:21","date_gmt":"2022-02-21T16:08:21","guid":{"rendered":"https:\/\/zjarr.tv\/?p=238469"},"modified":"2022-02-21T17:08:21","modified_gmt":"2022-02-21T16:08:21","slug":"mundi-dhe-djersa-e-fermereve-po-percmohet-agron-duka-thirrje-ministrise-se-bujqesise-shihni-me-prioritet-kerkesat-e-tyre-para-se-ata-te-marrin-rruge-pa-kthim","status":"publish","type":"post","link":"https:\/\/zjarr.tv\/sq\/mundi-dhe-djersa-e-fermereve-po-percmohet-agron-duka-thirrje-ministrise-se-bujqesise-shihni-me-prioritet-kerkesat-e-tyre-para-se-ata-te-marrin-rruge-pa-kthim\/","title":{"rendered":"\u201cMundi dhe djersa e fermer\u00ebve po p\u00ebr\u00e7mohet\u201d, Agron Duka thirrje Ministris\u00eb s\u00eb Bujq\u00ebsis\u00eb: Shihni me prioritet k\u00ebrkesat e tyre, para se ata t\u00eb marrin rrug\u00eb pa kthim!"},"content":{"rendered":"<p>Kryetari i Partis\u00eb Agrare Ambientaliste, Agron Duka, i ka b\u00ebr\u00eb thirrje Ministris\u00eb s\u00eb Bujq\u00ebsis\u00eb, q\u00eb ti kushtoj\u00eb nj\u00eb v\u00ebmendje t\u00eb madhe sektorit t\u00eb bujq\u00ebsis\u00eb pasi puna e fermer\u00ebve ka nj\u00eb vler\u00eb t\u00eb madhe n\u00eb ekonomik\u00eb shqiptare.<\/p>\n<p>Postimi i plot\u00eb:<\/p>\n<p>P\u00ebrsh\u00ebndetje t\u00eb gjithve!<\/p>\n<p>Situat\u00eb alarmante paraqitet n\u00eb \u00e7do p\u00ebll\u00ebmb\u00eb t\u00eb Shqip\u00ebris\u00eb, ku puna e fermerit, mundi dhe djersa vazhdon t\u00eb p\u00ebr\u00e7mohet nga Qeveria.<\/p>\n<p>Prej disa muajsh PAA ka depozituar n\u00eb Kuvend, dy projektligje t\u00eb  cilat vijn\u00eb si rezultat i nevojave imediate t\u00ea grupeve t\u00eb interesit, q\u00eb sot m\u00eb shum\u00eb se kurr\u00eb kan\u00eb nevoj\u00eb p\u00ebr z\u00ebrin e specialist\u00ebve. Ende nuk kemi nj\u00eb p\u00ebrgjigje konkrete se kur do t\u00eb shqyrtohen k\u00ebto dy projekligje.<\/p>\n<p>T\u00eb gjith\u00eb nj\u00eb z\u00ebri pyesin !<\/p>\n<p>Nuk e kuptojm\u00eb se pse \u00ebsht\u00eb par\u00eb e nevoj\u00ebshme nga qeveria, q\u00eb \u00e7do vit t\u00eb ndryshoj\u00eb skemat e subvencioneve n\u00eb bujq\u00ebsi dhe blegtori?!<\/p>\n<p>Pse u pa e arsyeshme nga qeveria t\u00eb ofronte  3.2 miliard\u00eb lek\u00eb  p\u00ebr sektorin e bujq\u00ebsis\u00eb, duke ditur q\u00eb k\u00ebto jan\u00eb taksat q\u00eb do t\u2019u merren fermer\u00ebve nga paketat e reja fiskale, duke e ditur fare mir\u00eb q\u00eb p\u00ebrqindja e buxhetit nuk ka ndryshuar?!<\/p>\n<p>U hoq 6% i TVSH-s\u00eb q\u00eb u b\u00eb 0% n\u00eb shitje nga fermeri dhe u shtua 10% taks\u00eb p\u00ebr imputet bujq\u00ebsore ku n\u00eb k\u00ebt\u00eb rast nuk kemi dalje nga buxheti drejtp\u00ebrdrejt\u00eb por jan\u00eb p\u00ebrfitime.<\/p>\n<p>Ndaj me t\u00eb drejt\u00eb ferm\u00ebr\u00ebt po p\u00ebrshkall\u00ebzojn\u00eb protestat sepse puna  e tyr\u00eb, ka nj\u00eb vler\u00eb t\u00eb madhe n\u00eb ekonomine shqiptare dhe Ministria e Bujq\u00ebsis\u00eb, duhet t\u00eb shoh me prioritet \u00e7do k\u00ebrkes\u00eb t\u00eb tyre, p\u00ebrpara se dhe ato pak fermer\u00eb t\u00eb mbetur n\u00eb tok\u00ebn mem\u00eb t\u00eb marrin rrug\u00eb pa kthim.<\/p>\n","protected":false},"excerpt":{"rendered":"<p>Kryetari i Partis\u00eb Agrare Ambientaliste, Agron Duka, i ka b\u00ebr\u00eb thirrje Ministris\u00eb s\u00eb Bujq\u00ebsis\u00eb, q\u00eb ti kushtoj\u00eb nj\u00eb v\u00ebmendje t\u00eb madhe sektorit t\u00eb bujq\u00ebsis\u00eb pasi puna e fermer\u00ebve ka nj\u00eb vler\u00eb t\u00eb madhe n\u00eb ekonomik\u00eb shqiptare. Postimi i plot\u00eb: P\u00ebrsh\u00ebndetje t\u00eb gjithve! Situat\u00eb alarmante paraqitet n\u00eb \u00e7do p\u00ebll\u00ebmb\u00eb t\u00eb Shqip\u00ebris\u00eb, ku puna e fermerit, mundi [&hellip;]<\/p>\n","protected":false},"author":2031,"featured_media":176505,"comment_status":"closed","ping_status":"closed","sticky":false,"template":"","format":"standard","meta":{"footnotes":""},"categories":[231],"tags":[],"class_list":{"0":"post-238469","1":"post","2":"type-post","3":"status-publish","4":"format-standard","5":"has-post-thumbnail","7":"category-lajme"},"_links":{"self":[{"href":"https:\/\/zjarr.tv\/sq\/wp-json\/wp\/v2\/posts\/238469","targetHints":{"allow":["GET"]}}],"collection":[{"href":"https:\/\/zjarr.tv\/sq\/wp-json\/wp\/v2\/posts"}],"about":[{"href":"https:\/\/zjarr.tv\/sq\/wp-json\/wp\/v2\/types\/post"}],"author":[{"embeddable":true,"href":"https:\/\/zjarr.tv\/sq\/wp-json\/wp\/v2\/users\/2031"}],"replies":[{"embeddable":true,"href":"https:\/\/zjarr.tv\/sq\/wp-json\/wp\/v2\/comments?post=238469"}],"version-history":[{"count":0,"href":"https:\/\/zjarr.tv\/sq\/wp-json\/wp\/v2\/posts\/238469\/revisions"}],"wp:featuredmedia":[{"embeddable":true,"href":"https:\/\/zjarr.tv\/sq\/wp-json\/wp\/v2\/media\/176505"}],"wp:attachment":[{"href":"https:\/\/zjarr.tv\/sq\/wp-json\/wp\/v2\/media?parent=238469"}],"wp:term":[{"taxonomy":"category","embeddable":true,"href":"https:\/\/zjarr.tv\/sq\/wp-json\/wp\/v2\/categories?post=238469"},{"taxonomy":"post_tag","embeddable":true,"href":"https:\/\/zjarr.tv\/sq\/wp-json\/wp\/v2\/tags?post=238469"}],"curies":[{"name":"wp","href":"https:\/\/api.w.org\/{rel}","templated":true}]}}