{"id":238472,"date":"2022-02-21T17:14:49","date_gmt":"2022-02-21T16:14:49","guid":{"rendered":"https:\/\/zjarr.tv\/?p=238472"},"modified":"2022-02-21T17:14:49","modified_gmt":"2022-02-21T16:14:49","slug":"ben-mire-te-ikesh-merr-me-vete-berishen-meten-dhe-bashen-rama-i-kthehet-qytetarit-mund-te-mohosh-cte-duash-por-nuk-kam-pune-ne-kete-thes","status":"publish","type":"post","link":"https:\/\/zjarr.tv\/sq\/ben-mire-te-ikesh-merr-me-vete-berishen-meten-dhe-bashen-rama-i-kthehet-qytetarit-mund-te-mohosh-cte-duash-por-nuk-kam-pune-ne-kete-thes\/","title":{"rendered":"\u201cB\u00ebn mir\u00eb t\u00eb ik\u00ebsh, merr me vete Berish\u00ebn, Met\u00ebn dhe Bash\u00ebn\u201d\/ Rama i kthehet qytetarit: Mund t\u00eb mohosh \u00e7\u2019t\u00eb duash, por nuk kam pun\u00eb n\u00eb k\u00ebt\u00eb thes"},"content":{"rendered":"<p>Kreu i qeveris\u00eb Edi Rama ka debatuar me nj\u00eb nga ndjek\u00ebsit e tij n\u00eb rrjetin social n\u00eb Facebook. Ai i \u00ebsht\u00eb p\u00ebrgjigjur nj\u00ebrit prejt tyre i cili i ka b\u00ebr\u00eb thirrje q\u00eb t\u00eb largohet sa m\u00eb par\u00eb dhe t\u00eb marr\u00eb me vete, edhe Ilir Met\u00ebn, Sali Berish\u00ebn dhe Lulzim Bash\u00ebn. Nd\u00ebrkoh\u00eb Rama i \u00ebsht\u00eb p\u00ebrgjigjur se ai nuk ka lidhje me k\u00ebt\u00eb kategori ku e kishte p\u00ebrfshir\u00eb qytetari.<\/p>\n<p>Qytetari: Ke bere shume vepra qe nuk i mohojme dot.Por,shqiperia ka nevoje per ndryshim politik.B\u00ebn mire te ikesh.Merr me vehte edhe Berishen dhe Meten dhe Lulon.<\/p>\n<p>Edi Rama: Maksim Xhafa gjithkush mund te mohoje cfare te deshiroje, kjo eshte liria, ashtu sikunder cdokush eshte i lire te beje kerkesa qe nuk plotesohen, po meqe te kam mik ketu ne rrjet pavaresisht se voton tjeter per tjeter, po ta them se ne ate thes ku me ke futur nuk kaam pune fare.<\/p>\n","protected":false},"excerpt":{"rendered":"<p>Kreu i qeveris\u00eb Edi Rama ka debatuar me nj\u00eb nga ndjek\u00ebsit e tij n\u00eb rrjetin social n\u00eb Facebook. Ai i \u00ebsht\u00eb p\u00ebrgjigjur nj\u00ebrit prejt tyre i cili i ka b\u00ebr\u00eb thirrje q\u00eb t\u00eb largohet sa m\u00eb par\u00eb dhe t\u00eb marr\u00eb me vete, edhe Ilir Met\u00ebn, Sali Berish\u00ebn dhe Lulzim Bash\u00ebn. Nd\u00ebrkoh\u00eb Rama i \u00ebsht\u00eb p\u00ebrgjigjur [&hellip;]<\/p>\n","protected":false},"author":2031,"featured_media":238473,"comment_status":"closed","ping_status":"closed","sticky":false,"template":"","format":"standard","meta":{"footnotes":""},"categories":[231],"tags":[],"class_list":{"0":"post-238472","1":"post","2":"type-post","3":"status-publish","4":"format-standard","5":"has-post-thumbnail","7":"category-lajme"},"_links":{"self":[{"href":"https:\/\/zjarr.tv\/sq\/wp-json\/wp\/v2\/posts\/238472","targetHints":{"allow":["GET"]}}],"collection":[{"href":"https:\/\/zjarr.tv\/sq\/wp-json\/wp\/v2\/posts"}],"about":[{"href":"https:\/\/zjarr.tv\/sq\/wp-json\/wp\/v2\/types\/post"}],"author":[{"embeddable":true,"href":"https:\/\/zjarr.tv\/sq\/wp-json\/wp\/v2\/users\/2031"}],"replies":[{"embeddable":true,"href":"https:\/\/zjarr.tv\/sq\/wp-json\/wp\/v2\/comments?post=238472"}],"version-history":[{"count":0,"href":"https:\/\/zjarr.tv\/sq\/wp-json\/wp\/v2\/posts\/238472\/revisions"}],"wp:featuredmedia":[{"embeddable":true,"href":"https:\/\/zjarr.tv\/sq\/wp-json\/wp\/v2\/media\/238473"}],"wp:attachment":[{"href":"https:\/\/zjarr.tv\/sq\/wp-json\/wp\/v2\/media?parent=238472"}],"wp:term":[{"taxonomy":"category","embeddable":true,"href":"https:\/\/zjarr.tv\/sq\/wp-json\/wp\/v2\/categories?post=238472"},{"taxonomy":"post_tag","embeddable":true,"href":"https:\/\/zjarr.tv\/sq\/wp-json\/wp\/v2\/tags?post=238472"}],"curies":[{"name":"wp","href":"https:\/\/api.w.org\/{rel}","templated":true}]}}