{"id":238480,"date":"2022-02-21T17:40:18","date_gmt":"2022-02-21T16:40:18","guid":{"rendered":"https:\/\/zjarr.tv\/?p=238480"},"modified":"2022-02-21T17:40:18","modified_gmt":"2022-02-21T16:40:18","slug":"vjedhje-430-milion-euro-balluku-ku-e-keni-gjetur-kete-shifer-u-shqetesova-dhe-pashe-kontratat-nuk-dilte-ne-asnje-vend","status":"publish","type":"post","link":"https:\/\/zjarr.tv\/sq\/vjedhje-430-milion-euro-balluku-ku-e-keni-gjetur-kete-shifer-u-shqetesova-dhe-pashe-kontratat-nuk-dilte-ne-asnje-vend\/","title":{"rendered":"\u201cVjedhje 430 milion euro?\u201d Balluku: Ku e keni gjetur k\u00ebt\u00eb shif\u00ebr? U shqet\u00ebsova dhe pash\u00eb kontratat, nuk dilte n\u00eb asnj\u00eb vend"},"content":{"rendered":"<p>Ministrja e Energjis\u00eb dhe Infrastuktur\u00ebs, Belinda Balluku \u00ebsht\u00eb duke d\u00ebshmuar n\u00eb komisionin hetimor p\u00ebr incenerator\u00ebt lidhur me kontrat\u00ebn e Bashkis\u00eb s\u00eb Durr\u00ebsit p\u00ebr depozitimin e mbetjeve n\u00eb landfillin e Sharr\u00ebs.<\/p>\n<p>Lidhur me Durr\u00ebsin, Balluku tha se kontrata nuk u amendua. Ajo shtoi se Durr\u00ebsi paguan p\u00ebr depozitimin e mbetjeve nj\u00ebsoj si Bashkia e Tiran\u00ebs.<\/p>\n<p>Balluku ironizoi edhe me shum\u00ebn prej \u201c430 milion euro afer\u00eb\u201d q\u00eb p\u00ebrdoret nga opozita, duke th\u00ebn\u00eb se i ka par\u00eb kontratat q\u00eb ka gjetur pasi mori detyr\u00ebn, dhe nuk i rezulton nj\u00eb shif\u00ebr e till\u00eb.<\/p>\n<p>Pjes\u00eb nga d\u00ebshmia:<\/p>\n<p>Balluku: Kontrata nuk \u00ebsht\u00eb anuluar, kam d\u00ebgjuar sot nj\u00eb shpjegim shum\u00eb t\u00eb mir\u00eb nga kryebashkiakja e Durr\u00ebsit, p\u00ebr emergjenc\u00ebn. Sot ne prodhojm\u00eb 1.1 milion ton plehra n\u00eb vit, dhe sipas k\u00ebtij masterplani jan\u00eb shp\u00ebrndar\u00eb se ku do t\u00eb jen\u00eb impianetet e p\u00ebrpunimit, se flitet gjat\u00eb gjith\u00eb koh\u00ebs, incenerator\u00eb, incenerator\u00eb. <\/p>\n<p>K\u00ebta jan\u00eb impiante p\u00ebrpunimi.<\/p>\n<p>Tabaku: A \u00ebsht\u00eb amenduar kontrata p\u00ebr t\u00eb p\u00ebrfshir\u00eb Bashkin\u00eb e Durr\u00ebsit, dhe lidhet pik\u00ebrisht me kapacitetin financiar, un\u00eb gjykoj q\u00eb do t\u00eb ishte n\u00eb t\u00eb mir\u00eb t\u00eb instituciont q\u00eb t\u00eb ulet kosto.<\/p>\n","protected":false},"excerpt":{"rendered":"<p>Ministrja e Energjis\u00eb dhe Infrastuktur\u00ebs, Belinda Balluku \u00ebsht\u00eb duke d\u00ebshmuar n\u00eb komisionin hetimor p\u00ebr incenerator\u00ebt lidhur me kontrat\u00ebn e Bashkis\u00eb s\u00eb Durr\u00ebsit p\u00ebr depozitimin e mbetjeve n\u00eb landfillin e Sharr\u00ebs. Lidhur me Durr\u00ebsin, Balluku tha se kontrata nuk u amendua. Ajo shtoi se Durr\u00ebsi paguan p\u00ebr depozitimin e mbetjeve nj\u00ebsoj si Bashkia e Tiran\u00ebs. Balluku [&hellip;]<\/p>\n","protected":false},"author":2031,"featured_media":238481,"comment_status":"closed","ping_status":"closed","sticky":false,"template":"","format":"standard","meta":{"footnotes":""},"categories":[231,235],"tags":[],"class_list":{"0":"post-238480","1":"post","2":"type-post","3":"status-publish","4":"format-standard","5":"has-post-thumbnail","7":"category-lajme","8":"category-vendi"},"_links":{"self":[{"href":"https:\/\/zjarr.tv\/sq\/wp-json\/wp\/v2\/posts\/238480","targetHints":{"allow":["GET"]}}],"collection":[{"href":"https:\/\/zjarr.tv\/sq\/wp-json\/wp\/v2\/posts"}],"about":[{"href":"https:\/\/zjarr.tv\/sq\/wp-json\/wp\/v2\/types\/post"}],"author":[{"embeddable":true,"href":"https:\/\/zjarr.tv\/sq\/wp-json\/wp\/v2\/users\/2031"}],"replies":[{"embeddable":true,"href":"https:\/\/zjarr.tv\/sq\/wp-json\/wp\/v2\/comments?post=238480"}],"version-history":[{"count":0,"href":"https:\/\/zjarr.tv\/sq\/wp-json\/wp\/v2\/posts\/238480\/revisions"}],"wp:featuredmedia":[{"embeddable":true,"href":"https:\/\/zjarr.tv\/sq\/wp-json\/wp\/v2\/media\/238481"}],"wp:attachment":[{"href":"https:\/\/zjarr.tv\/sq\/wp-json\/wp\/v2\/media?parent=238480"}],"wp:term":[{"taxonomy":"category","embeddable":true,"href":"https:\/\/zjarr.tv\/sq\/wp-json\/wp\/v2\/categories?post=238480"},{"taxonomy":"post_tag","embeddable":true,"href":"https:\/\/zjarr.tv\/sq\/wp-json\/wp\/v2\/tags?post=238480"}],"curies":[{"name":"wp","href":"https:\/\/api.w.org\/{rel}","templated":true}]}}