{"id":238490,"date":"2022-02-21T18:04:00","date_gmt":"2022-02-21T17:04:00","guid":{"rendered":"https:\/\/zjarr.tv\/?p=238490"},"modified":"2022-02-21T18:04:00","modified_gmt":"2022-02-21T17:04:00","slug":"henze-kritikon-ambasadoren-kim-po-mbeshtet-hapur-socialistet-komunistet-dhe-miqte-e-putin","status":"publish","type":"post","link":"https:\/\/zjarr.tv\/sq\/henze-kritikon-ambasadoren-kim-po-mbeshtet-hapur-socialistet-komunistet-dhe-miqte-e-putin\/","title":{"rendered":"Henze kritikon ambasadoren Kim: Po mb\u00ebshtet hapur socialist\u00ebt, komunist\u00ebt dhe miqt\u00eb e Putin"},"content":{"rendered":"<p>Ish-k\u00ebshilltari i CDU-s\u00eb gjermane Martin Henze ka shp\u00ebrther me an\u00eb t\u00eb nj\u00eb postimi n\u00eb Twitter kund\u00ebr ambasadores Yuri Kim, pas deklaratave t\u00eb sotme.<\/p>\n<p>P\u00ebr Henze, Kim \u00ebsht\u00eb pozicionuar pro PS-s\u00eb, ish-komunist\u00ebve t\u00eb vjet\u00ebr dhe pro mb\u00ebshtet\u00ebsve rus n\u00eb vendin ton\u00eb.<\/p>\n<p>Gjithashtu Henze shton se administrata amerikane duhet ta d\u00ebrgoj\u00eb ambasadoren n\u00eb Grenlad\u00eb.<\/p>\n<p>Postimi i Martin Henze:<\/p>\n<p>6.ambasador, ju diskreditoni aktor\u00ebt proper\u00ebndimor\u00eb n\u00eb Shqip\u00ebri dhe mb\u00ebshtesni socialist\u00ebt, komunist\u00ebt e vjet\u00ebr dhe miqt\u00eb e Putinit, populli shqiptar nuk duhet t\u2019ju d\u00ebgjoj\u00eb m\u00eb, administrata amerikane duhet t\u2019ju d\u00ebrgoj\u00eb n\u00eb Grenland\u00eb tashm\u00eb, eskimez\u00ebt presin. reform\u00ebn e tyre ligjore.<\/p>\n","protected":false},"excerpt":{"rendered":"<p>Ish-k\u00ebshilltari i CDU-s\u00eb gjermane Martin Henze ka shp\u00ebrther me an\u00eb t\u00eb nj\u00eb postimi n\u00eb Twitter kund\u00ebr ambasadores Yuri Kim, pas deklaratave t\u00eb sotme. P\u00ebr Henze, Kim \u00ebsht\u00eb pozicionuar pro PS-s\u00eb, ish-komunist\u00ebve t\u00eb vjet\u00ebr dhe pro mb\u00ebshtet\u00ebsve rus n\u00eb vendin ton\u00eb. Gjithashtu Henze shton se administrata amerikane duhet ta d\u00ebrgoj\u00eb ambasadoren n\u00eb Grenlad\u00eb. Postimi i Martin [&hellip;]<\/p>\n","protected":false},"author":2031,"featured_media":238491,"comment_status":"closed","ping_status":"closed","sticky":false,"template":"","format":"standard","meta":{"footnotes":""},"categories":[231],"tags":[],"class_list":{"0":"post-238490","1":"post","2":"type-post","3":"status-publish","4":"format-standard","5":"has-post-thumbnail","7":"category-lajme"},"_links":{"self":[{"href":"https:\/\/zjarr.tv\/sq\/wp-json\/wp\/v2\/posts\/238490","targetHints":{"allow":["GET"]}}],"collection":[{"href":"https:\/\/zjarr.tv\/sq\/wp-json\/wp\/v2\/posts"}],"about":[{"href":"https:\/\/zjarr.tv\/sq\/wp-json\/wp\/v2\/types\/post"}],"author":[{"embeddable":true,"href":"https:\/\/zjarr.tv\/sq\/wp-json\/wp\/v2\/users\/2031"}],"replies":[{"embeddable":true,"href":"https:\/\/zjarr.tv\/sq\/wp-json\/wp\/v2\/comments?post=238490"}],"version-history":[{"count":0,"href":"https:\/\/zjarr.tv\/sq\/wp-json\/wp\/v2\/posts\/238490\/revisions"}],"wp:featuredmedia":[{"embeddable":true,"href":"https:\/\/zjarr.tv\/sq\/wp-json\/wp\/v2\/media\/238491"}],"wp:attachment":[{"href":"https:\/\/zjarr.tv\/sq\/wp-json\/wp\/v2\/media?parent=238490"}],"wp:term":[{"taxonomy":"category","embeddable":true,"href":"https:\/\/zjarr.tv\/sq\/wp-json\/wp\/v2\/categories?post=238490"},{"taxonomy":"post_tag","embeddable":true,"href":"https:\/\/zjarr.tv\/sq\/wp-json\/wp\/v2\/tags?post=238490"}],"curies":[{"name":"wp","href":"https:\/\/api.w.org\/{rel}","templated":true}]}}