{"id":238498,"date":"2022-02-21T18:30:18","date_gmt":"2022-02-21T17:30:18","guid":{"rendered":"https:\/\/zjarr.tv\/?p=238498"},"modified":"2022-02-21T18:30:18","modified_gmt":"2022-02-21T17:30:18","slug":"absurditeti-i-non-grata-dhe-ata-qe-e-kane-kthyer-timonin","status":"publish","type":"post","link":"https:\/\/zjarr.tv\/sq\/absurditeti-i-non-grata-dhe-ata-qe-e-kane-kthyer-timonin\/","title":{"rendered":"Absurditeti i \u2018non grata\u2019 dhe ata q\u00eb e kan\u00eb \u2018kthyer\u2019 timonin"},"content":{"rendered":"<p>Nga Hysni Gurra<\/p>\n<p>N\u00eb fillim kur doli kjo non grata, mu duk absurde q\u00eb n\u00eb or\u00ebt e para dhe kisha nj\u00eb pozicion kund\u00ebr k\u00ebsaj metode t\u00eb posht\u00ebr p\u00ebr t\u00eb goditur dik\u00eb e falur dik\u00eb tjet\u00ebr, n\u00ebp\u00ebrmjet \u2018non grata\u2019, si fermanet otomane q\u00ebmoti.<\/p>\n<p>Nuk ma pranonte logjika dhe formimi, le t\u00eb ishte kush t\u00eb donte ai q\u00eb e shpalli non grata-n.<\/p>\n<p>Asokohe, ato or\u00ebt e dit\u00ebt e para, pati nj\u00eb si shok, dhe shumica ruheshin q\u00eb mos mbanin pozicion.<\/p>\n<p>Bile kishte nga ata q\u00eb e quajt\u00ebn Berish\u00ebn t\u00eb mbaruar politikisht, bile m\u00eb thonin edhe mua, -ore ti ke lujt mendsh, Berisha mbaroi etj.<\/p>\n<p>Po as kjo s\u2019doshte t\u00eb thoshte gj\u00eb p\u00ebr logjik\u00ebn time.<\/p>\n<p>Pasi un\u00eb besoj se drejt\u00ebsi me metoda t\u00eb poshtra nuk ka. Ato metoda mund t\u00eb p\u00ebrmbushin shum\u00eb\u00e7ka, por un\u00eb nuk mund ta radhis veten n\u00eb radh\u00ebn e idiot\u00ebve q\u00eb ta quaj di\u00e7ka normale.<\/p>\n<p>Dhe m\u00ebnyra si u godit Berisha qe e pa drejt\u00eb, jo demokratike dhe e sh\u00ebmtuar.<\/p>\n<p>Ja ku jemi sot, e pat\u00eb vet\u00eb prap\u00eb.<\/p>\n<p>Brutaliteti vazhdon, fakti q\u00eb ne jemi popull bar\u00ebngr\u00ebn\u00ebs \u00ebsht\u00eb marr\u00eb i mir\u00ebqen\u00eb nga aleat\u00ebt tan\u00eb q\u00eb na duan fort.<\/p>\n<p>p.s- Megjithat\u00eb, kjo e sotmja sh\u00ebrbeu edhe p\u00ebr t\u00eb ndryshuar q\u00ebndrim k\u00ebta q\u00eb n\u00eb fillim thonin, o budalla, mori fund Berisha, se \u00ebsht\u00eb Amerika ajo, e bla bla bla, tani e kan\u00eb kthyer timonin shyqyr.<\/p>\n","protected":false},"excerpt":{"rendered":"<p>Nga Hysni Gurra N\u00eb fillim kur doli kjo non grata, mu duk absurde q\u00eb n\u00eb or\u00ebt e para dhe kisha nj\u00eb pozicion kund\u00ebr k\u00ebsaj metode t\u00eb posht\u00ebr p\u00ebr t\u00eb goditur dik\u00eb e falur dik\u00eb tjet\u00ebr, n\u00ebp\u00ebrmjet \u2018non grata\u2019, si fermanet otomane q\u00ebmoti. Nuk ma pranonte logjika dhe formimi, le t\u00eb ishte kush t\u00eb donte ai [&hellip;]<\/p>\n","protected":false},"author":2031,"featured_media":238499,"comment_status":"closed","ping_status":"closed","sticky":false,"template":"","format":"standard","meta":{"footnotes":""},"categories":[231],"tags":[],"class_list":{"0":"post-238498","1":"post","2":"type-post","3":"status-publish","4":"format-standard","5":"has-post-thumbnail","7":"category-lajme"},"_links":{"self":[{"href":"https:\/\/zjarr.tv\/sq\/wp-json\/wp\/v2\/posts\/238498","targetHints":{"allow":["GET"]}}],"collection":[{"href":"https:\/\/zjarr.tv\/sq\/wp-json\/wp\/v2\/posts"}],"about":[{"href":"https:\/\/zjarr.tv\/sq\/wp-json\/wp\/v2\/types\/post"}],"author":[{"embeddable":true,"href":"https:\/\/zjarr.tv\/sq\/wp-json\/wp\/v2\/users\/2031"}],"replies":[{"embeddable":true,"href":"https:\/\/zjarr.tv\/sq\/wp-json\/wp\/v2\/comments?post=238498"}],"version-history":[{"count":0,"href":"https:\/\/zjarr.tv\/sq\/wp-json\/wp\/v2\/posts\/238498\/revisions"}],"wp:featuredmedia":[{"embeddable":true,"href":"https:\/\/zjarr.tv\/sq\/wp-json\/wp\/v2\/media\/238499"}],"wp:attachment":[{"href":"https:\/\/zjarr.tv\/sq\/wp-json\/wp\/v2\/media?parent=238498"}],"wp:term":[{"taxonomy":"category","embeddable":true,"href":"https:\/\/zjarr.tv\/sq\/wp-json\/wp\/v2\/categories?post=238498"},{"taxonomy":"post_tag","embeddable":true,"href":"https:\/\/zjarr.tv\/sq\/wp-json\/wp\/v2\/tags?post=238498"}],"curies":[{"name":"wp","href":"https:\/\/api.w.org\/{rel}","templated":true}]}}