{"id":238508,"date":"2022-02-21T18:44:13","date_gmt":"2022-02-21T17:44:13","guid":{"rendered":"https:\/\/zjarr.tv\/?p=238508"},"modified":"2022-02-21T18:44:13","modified_gmt":"2022-02-21T17:44:13","slug":"batuta-ne-komisionin-hetimor-balluku-kellicit-me-ke-ndjekur-kemba-kembes-tabaku-ta-kishe-thene-me-pare-te-qeshnin-koleget-qe-siu-kishte-qeshur-buza","status":"publish","type":"post","link":"https:\/\/zjarr.tv\/sq\/batuta-ne-komisionin-hetimor-balluku-kellicit-me-ke-ndjekur-kemba-kembes-tabaku-ta-kishe-thene-me-pare-te-qeshnin-koleget-qe-siu-kishte-qeshur-buza\/","title":{"rendered":"Batuta n\u00eb Komisionin Hetimor, Balluku \u2013 K\u00eblli\u00e7it: M\u00eb ke ndjekur k\u00ebmba \u2013 k\u00ebmb\u00ebs! Tabaku: Ta kishe th\u00ebn\u00eb m\u00eb par\u00eb, t\u00eb qeshnin koleg\u00ebt q\u00eb s\u2019iu kishte qeshur buza"},"content":{"rendered":"<p>D\u00ebshmia e ministres Belinda Balluku n\u00eb Komisionin Hetimor p\u00ebr Incenerator\u00ebt \u00ebsht\u00eb shoq\u00ebruar edhe me batuta mes deputet\u00ebve. E pyetur nga Belind K\u00eblli\u00e7i n\u00ebse kishte zhvilluar takim electoral n\u00eb Landfillin e Tiran\u00ebs, ministrja tha se nuk e kishte b\u00ebr\u00eb k\u00ebt\u00eb pasi ishte n\u00eb konflikt interesi, teksa shtoi se K\u00eblli\u00e7i e kishte ndjekur k\u00ebmba-kemb\u00ebs p\u00ebr ta kapur n\u00eb shkelje ligji.<\/p>\n<p>Kjo batut\u00eb e ministres ka shkaktuar t\u00eb qeshura n\u00eb sall\u00eb, nd\u00ebrkoh\u00eb q\u00eb kryetarja e Komisionit Jorida Tabaku u shpreh se kjo batut\u00eb duhej t\u00eb b\u00ebhej m\u00eb her\u00ebt, me q\u00ebllim q\u00eb t\u00eb qeshnin edhe koleg\u00ebt q\u00eb nuk iu qesh buza asnj\u00ebher\u00eb, duke iu adresuar deputet\u00ebve t\u00eb mazhoranc\u00ebs.<\/p>\n","protected":false},"excerpt":{"rendered":"<p>D\u00ebshmia e ministres Belinda Balluku n\u00eb Komisionin Hetimor p\u00ebr Incenerator\u00ebt \u00ebsht\u00eb shoq\u00ebruar edhe me batuta mes deputet\u00ebve. E pyetur nga Belind K\u00eblli\u00e7i n\u00ebse kishte zhvilluar takim electoral n\u00eb Landfillin e Tiran\u00ebs, ministrja tha se nuk e kishte b\u00ebr\u00eb k\u00ebt\u00eb pasi ishte n\u00eb konflikt interesi, teksa shtoi se K\u00eblli\u00e7i e kishte ndjekur k\u00ebmba-kemb\u00ebs p\u00ebr ta kapur [&hellip;]<\/p>\n","protected":false},"author":2031,"featured_media":238509,"comment_status":"closed","ping_status":"closed","sticky":false,"template":"","format":"standard","meta":{"footnotes":""},"categories":[231],"tags":[],"class_list":{"0":"post-238508","1":"post","2":"type-post","3":"status-publish","4":"format-standard","5":"has-post-thumbnail","7":"category-lajme"},"_links":{"self":[{"href":"https:\/\/zjarr.tv\/sq\/wp-json\/wp\/v2\/posts\/238508","targetHints":{"allow":["GET"]}}],"collection":[{"href":"https:\/\/zjarr.tv\/sq\/wp-json\/wp\/v2\/posts"}],"about":[{"href":"https:\/\/zjarr.tv\/sq\/wp-json\/wp\/v2\/types\/post"}],"author":[{"embeddable":true,"href":"https:\/\/zjarr.tv\/sq\/wp-json\/wp\/v2\/users\/2031"}],"replies":[{"embeddable":true,"href":"https:\/\/zjarr.tv\/sq\/wp-json\/wp\/v2\/comments?post=238508"}],"version-history":[{"count":0,"href":"https:\/\/zjarr.tv\/sq\/wp-json\/wp\/v2\/posts\/238508\/revisions"}],"wp:featuredmedia":[{"embeddable":true,"href":"https:\/\/zjarr.tv\/sq\/wp-json\/wp\/v2\/media\/238509"}],"wp:attachment":[{"href":"https:\/\/zjarr.tv\/sq\/wp-json\/wp\/v2\/media?parent=238508"}],"wp:term":[{"taxonomy":"category","embeddable":true,"href":"https:\/\/zjarr.tv\/sq\/wp-json\/wp\/v2\/categories?post=238508"},{"taxonomy":"post_tag","embeddable":true,"href":"https:\/\/zjarr.tv\/sq\/wp-json\/wp\/v2\/tags?post=238508"}],"curies":[{"name":"wp","href":"https:\/\/api.w.org\/{rel}","templated":true}]}}