{"id":238518,"date":"2022-02-21T19:13:05","date_gmt":"2022-02-21T18:13:05","guid":{"rendered":"https:\/\/zjarr.tv\/?p=238518"},"modified":"2022-02-21T19:13:05","modified_gmt":"2022-02-21T18:13:05","slug":"i-shpallur-ne-kerkim-nga-spak-per-inceneratoret-publikohet-nje-tjeter-foto-e-klodian-zotos-ja-kush-e-shoqeron","status":"publish","type":"post","link":"https:\/\/zjarr.tv\/sq\/i-shpallur-ne-kerkim-nga-spak-per-inceneratoret-publikohet-nje-tjeter-foto-e-klodian-zotos-ja-kush-e-shoqeron\/","title":{"rendered":"I shpallur n\u00eb k\u00ebrkim nga SPAK p\u00ebr Incenerator\u00ebt, publikohet nj\u00eb tjet\u00ebr foto e Klodian Zotos, ja kush e shoq\u00ebron"},"content":{"rendered":"<p>Klodian Zoto \u00ebsht\u00eb nj\u00eb nga tre personat e shpallur n\u00eb k\u00ebkrim nga Prokuroria e Posa\u00e7me (SPAK) p\u00ebr vjedhjen e miliona eurove me afer\u00ebn e incenerator\u00ebve, s\u00eb bashku me Mirel M\u00ebrtirin dhe Stela Gugallin.<\/p>\n<p>Pas fotos s\u00eb publikuar disa dit\u00eb m\u00eb par\u00eb, dit\u00ebn e sotme \u00ebsht\u00eb publikuar nj\u00eb tjet\u00ebr foto e tij n\u00eb shoq\u00ebrin\u00eb e t\u00eb atit, Agim Zotos, n\u00eb lokalin n\u00eb pron\u00ebsi t\u00eb tyre n\u00eb \u201cUr\u00ebn e Tabak\u00ebve\u201d.<\/p>\n<p>K\u00ebt\u00eb her\u00eb Zotos i \u00ebsht\u00eb b\u00ebr\u00eb foto p\u00ebrball\u00eb, q\u00eb tregon se personi q\u00eb e ka b\u00ebr\u00eb k\u00ebto foto ka qen\u00eb i ulur n\u00eb t\u00eb nj\u00ebjt\u00ebn tavolin\u00eb me t\u00eb. Nuk dihet data se kur \u00ebsht\u00eb b\u00ebr\u00eb kjo foto, nd\u00ebrkoh\u00eb q\u00eb policia nuk ka ende asnj\u00eb gjurm\u00eb p\u00ebr t\u00eb b\u00ebr\u00eb t\u00eb mundur arrestimin e tij.<\/p>\n","protected":false},"excerpt":{"rendered":"<p>Klodian Zoto \u00ebsht\u00eb nj\u00eb nga tre personat e shpallur n\u00eb k\u00ebkrim nga Prokuroria e Posa\u00e7me (SPAK) p\u00ebr vjedhjen e miliona eurove me afer\u00ebn e incenerator\u00ebve, s\u00eb bashku me Mirel M\u00ebrtirin dhe Stela Gugallin. Pas fotos s\u00eb publikuar disa dit\u00eb m\u00eb par\u00eb, dit\u00ebn e sotme \u00ebsht\u00eb publikuar nj\u00eb tjet\u00ebr foto e tij n\u00eb shoq\u00ebrin\u00eb e t\u00eb [&hellip;]<\/p>\n","protected":false},"author":2031,"featured_media":238519,"comment_status":"closed","ping_status":"closed","sticky":false,"template":"","format":"standard","meta":{"footnotes":""},"categories":[231],"tags":[],"class_list":{"0":"post-238518","1":"post","2":"type-post","3":"status-publish","4":"format-standard","5":"has-post-thumbnail","7":"category-lajme"},"_links":{"self":[{"href":"https:\/\/zjarr.tv\/sq\/wp-json\/wp\/v2\/posts\/238518","targetHints":{"allow":["GET"]}}],"collection":[{"href":"https:\/\/zjarr.tv\/sq\/wp-json\/wp\/v2\/posts"}],"about":[{"href":"https:\/\/zjarr.tv\/sq\/wp-json\/wp\/v2\/types\/post"}],"author":[{"embeddable":true,"href":"https:\/\/zjarr.tv\/sq\/wp-json\/wp\/v2\/users\/2031"}],"replies":[{"embeddable":true,"href":"https:\/\/zjarr.tv\/sq\/wp-json\/wp\/v2\/comments?post=238518"}],"version-history":[{"count":0,"href":"https:\/\/zjarr.tv\/sq\/wp-json\/wp\/v2\/posts\/238518\/revisions"}],"wp:featuredmedia":[{"embeddable":true,"href":"https:\/\/zjarr.tv\/sq\/wp-json\/wp\/v2\/media\/238519"}],"wp:attachment":[{"href":"https:\/\/zjarr.tv\/sq\/wp-json\/wp\/v2\/media?parent=238518"}],"wp:term":[{"taxonomy":"category","embeddable":true,"href":"https:\/\/zjarr.tv\/sq\/wp-json\/wp\/v2\/categories?post=238518"},{"taxonomy":"post_tag","embeddable":true,"href":"https:\/\/zjarr.tv\/sq\/wp-json\/wp\/v2\/tags?post=238518"}],"curies":[{"name":"wp","href":"https:\/\/api.w.org\/{rel}","templated":true}]}}