{"id":238522,"date":"2022-02-21T19:14:58","date_gmt":"2022-02-21T18:14:58","guid":{"rendered":"https:\/\/zjarr.tv\/?p=238522"},"modified":"2022-02-21T19:14:58","modified_gmt":"2022-02-21T18:14:58","slug":"besoj-e-mbani-mend-17-majin-kur-basha-braktisi-demokratet-kryemadhi-per-inceneratoret-zhvillimet-ne-komision-po-duken-si-vazhdim-i-kesaj-lidhje","status":"publish","type":"post","link":"https:\/\/zjarr.tv\/sq\/besoj-e-mbani-mend-17-majin-kur-basha-braktisi-demokratet-kryemadhi-per-inceneratoret-zhvillimet-ne-komision-po-duken-si-vazhdim-i-kesaj-lidhje\/","title":{"rendered":"\u201cBesoj e mbani mend 17 Majin kur Basha braktisi demokrat\u00ebt\u201d, Kryemadhi p\u00ebr incenerator\u00ebt: Zhvillimet n\u00eb komision po duken si vazhdim i k\u00ebsaj lidhje"},"content":{"rendered":"<p>Postimi i Plot\u00eb nga kryetarja e LSI-s\u00eb, Monika Kryemadhi:<\/p>\n<p>Besoj e mbani mend 17 Majin kur Basha braktisi demokrat\u00ebt n\u00eb \u00e7ad\u00ebr p\u00ebr t\u00eb bashk\u00ebqeverisur me Ram\u00ebn.<\/p>\n<p>Zhvillimet n\u00eb komisionin hetimor parlamentar po duken fiks si nj\u00eb vazhdim i k\u00ebsaj lidhjeje t\u00eb ve\u00e7ant\u00eb e t\u00eb fsheht\u00eb.<\/p>\n<p>Zbardhja e s\u00eb v\u00ebrtet\u00ebs p\u00ebr incenerator\u00ebt nuk duhet t\u00eb d\u00ebshtoj\u00eb, si\u00e7 d\u00ebshtoi mbrojtja e Teatrit Komb\u00ebtar.<\/p>\n<p>Loja politike mes qeveris\u00eb dhe kunat-opozit\u00ebs nuk duhet lejuar t\u00eb deformoj\u00eb drejt\u00ebsin\u00eb e re!<\/p>\n<p>Inkurajoj SPAK t\u00eb veproj\u00eb mbi faktet pa humbur koh\u00eb! K\u00ebtu ndahet historia, duke treguar n\u00ebse jemi duke nd\u00ebrtuar nj\u00eb shtet t\u00eb s\u00eb drejt\u00ebs evropiane, apo drejt instalimit final t\u00eb kapjes s\u00eb shtetit, drejt\u00ebsis\u00eb, opozit\u00ebs.<\/p>\n","protected":false},"excerpt":{"rendered":"<p>Postimi i Plot\u00eb nga kryetarja e LSI-s\u00eb, Monika Kryemadhi: Besoj e mbani mend 17 Majin kur Basha braktisi demokrat\u00ebt n\u00eb \u00e7ad\u00ebr p\u00ebr t\u00eb bashk\u00ebqeverisur me Ram\u00ebn. Zhvillimet n\u00eb komisionin hetimor parlamentar po duken fiks si nj\u00eb vazhdim i k\u00ebsaj lidhjeje t\u00eb ve\u00e7ant\u00eb e t\u00eb fsheht\u00eb. Zbardhja e s\u00eb v\u00ebrtet\u00ebs p\u00ebr incenerator\u00ebt nuk duhet t\u00eb d\u00ebshtoj\u00eb, [&hellip;]<\/p>\n","protected":false},"author":2031,"featured_media":167805,"comment_status":"closed","ping_status":"closed","sticky":false,"template":"","format":"standard","meta":{"footnotes":""},"categories":[231],"tags":[],"class_list":{"0":"post-238522","1":"post","2":"type-post","3":"status-publish","4":"format-standard","5":"has-post-thumbnail","7":"category-lajme"},"_links":{"self":[{"href":"https:\/\/zjarr.tv\/sq\/wp-json\/wp\/v2\/posts\/238522","targetHints":{"allow":["GET"]}}],"collection":[{"href":"https:\/\/zjarr.tv\/sq\/wp-json\/wp\/v2\/posts"}],"about":[{"href":"https:\/\/zjarr.tv\/sq\/wp-json\/wp\/v2\/types\/post"}],"author":[{"embeddable":true,"href":"https:\/\/zjarr.tv\/sq\/wp-json\/wp\/v2\/users\/2031"}],"replies":[{"embeddable":true,"href":"https:\/\/zjarr.tv\/sq\/wp-json\/wp\/v2\/comments?post=238522"}],"version-history":[{"count":0,"href":"https:\/\/zjarr.tv\/sq\/wp-json\/wp\/v2\/posts\/238522\/revisions"}],"wp:featuredmedia":[{"embeddable":true,"href":"https:\/\/zjarr.tv\/sq\/wp-json\/wp\/v2\/media\/167805"}],"wp:attachment":[{"href":"https:\/\/zjarr.tv\/sq\/wp-json\/wp\/v2\/media?parent=238522"}],"wp:term":[{"taxonomy":"category","embeddable":true,"href":"https:\/\/zjarr.tv\/sq\/wp-json\/wp\/v2\/categories?post=238522"},{"taxonomy":"post_tag","embeddable":true,"href":"https:\/\/zjarr.tv\/sq\/wp-json\/wp\/v2\/tags?post=238522"}],"curies":[{"name":"wp","href":"https:\/\/api.w.org\/{rel}","templated":true}]}}