{"id":238529,"date":"2022-02-21T19:25:35","date_gmt":"2022-02-21T18:25:35","guid":{"rendered":"https:\/\/zjarr.tv\/?p=238529"},"modified":"2022-02-21T19:25:35","modified_gmt":"2022-02-21T18:25:35","slug":"armando-subashi-e-pranon-ne-komisionin-per-inceneratoret-kam-komunikuar-disa-here-me-klodian-zoton","status":"publish","type":"post","link":"https:\/\/zjarr.tv\/sq\/armando-subashi-e-pranon-ne-komisionin-per-inceneratoret-kam-komunikuar-disa-here-me-klodian-zoton\/","title":{"rendered":"Armando Subashi e pranon n\u00eb Komisionin p\u00ebr Incenerator\u00ebt: Kam komunikuar disa her\u00eb me Klodian Zoton"},"content":{"rendered":"<p>Kryebashkiaku i Fierit, Armando Subashi, po d\u00ebshmon n\u00eb Komisionin Hetimor n\u00eb lidhje me inceneratorin e Fierit.<\/p>\n<p>I pyetur nga kryetarja Jorida Tabaku n\u00ebse i njeh Mirel M\u00ebrtirin, Stela Gugallin dhe Klodian Zoton, ai \u00ebhst\u00eb shprehur se ka komunikuar disa her\u00eb me Klodian Zoton n\u00eb koh\u00ebn kur filloi depozitimi i plehrave n\u00eb inceneratorin e Fierit.<\/p>\n<p>\u201cKam pasur komunikim 2 apo 3 her\u00eb me Zoton, n\u00eb koh\u00ebn kur filloi depozitimi i plehrave n\u00eb Fier. Kemi b\u00ebr\u00eb biseda n\u00eb kuadrin teknik s\u00eb bashku me persona q\u00eb kan\u00eb administruar impianit, nj\u00eb bised\u00eb teknike si do shkojn\u00eb, si do i depozitojn\u00eb, mbetjet dhe p\u00ebr orarin, se ne kemi k\u00ebrkuar q\u00eb impianti t\u00eb punoj\u00eb gjat\u00eb nat\u00ebs dhe kemi gjetur dakord\u00ebsin\u00eb\u201d\u201d, u shpreh Subashi.<\/p>\n","protected":false},"excerpt":{"rendered":"<p>Kryebashkiaku i Fierit, Armando Subashi, po d\u00ebshmon n\u00eb Komisionin Hetimor n\u00eb lidhje me inceneratorin e Fierit. I pyetur nga kryetarja Jorida Tabaku n\u00ebse i njeh Mirel M\u00ebrtirin, Stela Gugallin dhe Klodian Zoton, ai \u00ebhst\u00eb shprehur se ka komunikuar disa her\u00eb me Klodian Zoton n\u00eb koh\u00ebn kur filloi depozitimi i plehrave n\u00eb inceneratorin e Fierit. \u201cKam [&hellip;]<\/p>\n","protected":false},"author":2031,"featured_media":238530,"comment_status":"closed","ping_status":"closed","sticky":false,"template":"","format":"standard","meta":{"footnotes":""},"categories":[231],"tags":[],"class_list":{"0":"post-238529","1":"post","2":"type-post","3":"status-publish","4":"format-standard","5":"has-post-thumbnail","7":"category-lajme"},"_links":{"self":[{"href":"https:\/\/zjarr.tv\/sq\/wp-json\/wp\/v2\/posts\/238529","targetHints":{"allow":["GET"]}}],"collection":[{"href":"https:\/\/zjarr.tv\/sq\/wp-json\/wp\/v2\/posts"}],"about":[{"href":"https:\/\/zjarr.tv\/sq\/wp-json\/wp\/v2\/types\/post"}],"author":[{"embeddable":true,"href":"https:\/\/zjarr.tv\/sq\/wp-json\/wp\/v2\/users\/2031"}],"replies":[{"embeddable":true,"href":"https:\/\/zjarr.tv\/sq\/wp-json\/wp\/v2\/comments?post=238529"}],"version-history":[{"count":0,"href":"https:\/\/zjarr.tv\/sq\/wp-json\/wp\/v2\/posts\/238529\/revisions"}],"wp:featuredmedia":[{"embeddable":true,"href":"https:\/\/zjarr.tv\/sq\/wp-json\/wp\/v2\/media\/238530"}],"wp:attachment":[{"href":"https:\/\/zjarr.tv\/sq\/wp-json\/wp\/v2\/media?parent=238529"}],"wp:term":[{"taxonomy":"category","embeddable":true,"href":"https:\/\/zjarr.tv\/sq\/wp-json\/wp\/v2\/categories?post=238529"},{"taxonomy":"post_tag","embeddable":true,"href":"https:\/\/zjarr.tv\/sq\/wp-json\/wp\/v2\/tags?post=238529"}],"curies":[{"name":"wp","href":"https:\/\/api.w.org\/{rel}","templated":true}]}}